{"id":261,"date":"2024-09-23T10:30:06","date_gmt":"2024-09-23T13:30:06","guid":{"rendered":"https:\/\/departamentos.uel.br\/quimica\/?p=261"},"modified":"2024-09-23T10:31:15","modified_gmt":"2024-09-23T13:31:15","slug":"semana-da-quimica-reflete-sobre-futuro-da-profissao","status":"publish","type":"post","link":"https:\/\/departamentos.uel.br\/quimica\/sem-categoria\/2024\/09\/23\/semana-da-quimica-reflete-sobre-futuro-da-profissao\/","title":{"rendered":"Semana da Qu\u00edmica reflete sobre  futuro da profiss\u00e3o"},"content":{"rendered":"\n<p>\u201cRefletindo os Pr\u00f3ximos 50 anos: Novos Horizontes para o Profissional da Qu\u00edmica\u201d<br>\u00e9 o tema escolhido para a XXXIX Semana da Qu\u00edmica e IX Jornada de P\u00f3s-<br>Gradua\u00e7\u00e3o em Qu\u00edmica da UEL. O evento ser\u00e1 realizado entre os dias 29 de<br>outubro e 1\u00ba de novembro e ter\u00e1 como objetivo apresentar recentes<br>desenvolvimentos e perspectivas para o profissional da \u00e1rea de Qu\u00edmica. As<br><a href=\"http:\/\/(https\/\/www.sistemasweb.uel.br\/index.php?contents=system\/insc\/index.php&amp;pagina%20=view\/inscricoes\/seleciona_evento.php&amp;cod_evento=9446)\">inscri\u00e7\u00f5es&nbsp;<\/a>podem ser realizadas at\u00e9 o dia 21 de outubro, sendo que os valores do primeiro lote se encerram nesta sexta-feira (13).<\/p>\n\n\n\n<p>As inscri\u00e7\u00f5es s\u00e3o divididas em tr\u00eas lotes: o 1\u00ba lote vai at\u00e9 13 de setembro, o 2\u00ba lote<br>ocorre de 14 de setembro a 4 de outubro, e o 3\u00ba lote vai de 5 a 21 de outubro,<br>quando as inscri\u00e7\u00f5es ser\u00e3o encerradas. Estudantes de ensino m\u00e9dio s\u00e3o isentos de<br>pagamento. Para alunos de gradua\u00e7\u00e3o e p\u00f3s-gradua\u00e7\u00e3o, a taxa inicial \u00e9 de R$80.<br>T\u00e9cnicos de n\u00edvel m\u00e9dio e superior e professores de ensino m\u00e9dio pagam R$100,<br>enquanto professores de ensino superior pagam R$130. As taxas aumentam R$10<br>a cada lote.<\/p>\n\n\n\n<p>A programa\u00e7\u00e3o cient\u00edfica inclui palestras, minicursos, apresenta\u00e7\u00f5es de trabalhos<br>e visitas t\u00e9cnicas a empresas da regi\u00e3o de Londrina, como Amcor, Brandt Brasil e<br>Embrapa. Ser\u00e3o oferecidos 4 minicursos, com 3 deles realizados no Laborat\u00f3rio<br>Escola de P\u00f3s-Gradua\u00e7\u00e3o (Labesc) e o quarto na sala Multimeios 1 do<br>Departamento de Qu\u00edmica. Para participar, os interessados devem se cadastrar no<br><a href=\"https:\/\/www.even3.com.br\/squel-2024\/\">site do evento<\/a>.<\/p>\n\n\n\n<p><strong>Minicursos<\/strong><\/p>\n\n\n\n<p>Minicurso 1 \u2013 Espectrometria de Massas: Fundamentos e Aplica\u00e7\u00f5es, ministrado<br>pelo professor Eduardo C\u00e9sar Meurer.<\/p>\n\n\n\n<p>Minicurso 2 \u2013 Do Desenvolvimento \u00e0 Garantia de Qualidade de Insumos<br>Farmac\u00eauticos Ativos: Perspectivas da S\u00edntese Org\u00e2nica, ministrado pela professora<br>Fernanda Andreia Rosa.<\/p>\n\n\n\n<p>Minicurso 3 \u2013 Enxergando o Invis\u00edvel: o Poder da Microscopia Eletr\u00f4nica, ministrado<br>pelo professor Jefferson Bettini.<\/p>\n\n\n\n<p>Minicurso 4 \u2013 Unidades de Ensino Potencialmente Significativas (UEPS): Teoria e<br>Pr\u00e1tica, ministrado pela professora Fernanda Frasson.<\/p>\n\n\n\n<p><\/p>\n","protected":false},"excerpt":{"rendered":"<p>\u201cRefletindo os Pr\u00f3ximos 50 anos: Novos Horizontes para o Profissional da Qu\u00edmica\u201d\u00e9 o tema escolhido para a XXXIX Semana da Qu\u00edmica e IX Jornada de P\u00f3s-Gradua\u00e7\u00e3o em Qu\u00edmica da UEL. O evento ser\u00e1 realizado entre os dias 29 deoutubro e 1\u00ba de novembro e ter\u00e1 como objetivo apresentar recentesdesenvolvimentos e perspectivas para o profissional da [&hellip;]<\/p>\n","protected":false},"author":7,"featured_media":263,"comment_status":"open","ping_status":"open","sticky":false,"template":"","format":"standard","meta":{"_acf_changed":false,"_themeisle_gutenberg_block_has_review":false,"footnotes":""},"categories":[1],"tags":[],"class_list":["post-261","post","type-post","status-publish","format-standard","has-post-thumbnail","hentry","category-sem-categoria"],"acf":[],"_links":{"self":[{"href":"https:\/\/departamentos.uel.br\/quimica\/wp-json\/wp\/v2\/posts\/261","targetHints":{"allow":["GET"]}}],"collection":[{"href":"https:\/\/departamentos.uel.br\/quimica\/wp-json\/wp\/v2\/posts"}],"about":[{"href":"https:\/\/departamentos.uel.br\/quimica\/wp-json\/wp\/v2\/types\/post"}],"author":[{"embeddable":true,"href":"https:\/\/departamentos.uel.br\/quimica\/wp-json\/wp\/v2\/users\/7"}],"replies":[{"embeddable":true,"href":"https:\/\/departamentos.uel.br\/quimica\/wp-json\/wp\/v2\/comments?post=261"}],"version-history":[{"count":1,"href":"https:\/\/departamentos.uel.br\/quimica\/wp-json\/wp\/v2\/posts\/261\/revisions"}],"predecessor-version":[{"id":262,"href":"https:\/\/departamentos.uel.br\/quimica\/wp-json\/wp\/v2\/posts\/261\/revisions\/262"}],"wp:featuredmedia":[{"embeddable":true,"href":"https:\/\/departamentos.uel.br\/quimica\/wp-json\/wp\/v2\/media\/263"}],"wp:attachment":[{"href":"https:\/\/departamentos.uel.br\/quimica\/wp-json\/wp\/v2\/media?parent=261"}],"wp:term":[{"taxonomy":"category","embeddable":true,"href":"https:\/\/departamentos.uel.br\/quimica\/wp-json\/wp\/v2\/categories?post=261"},{"taxonomy":"post_tag","embeddable":true,"href":"https:\/\/departamentos.uel.br\/quimica\/wp-json\/wp\/v2\/tags?post=261"}],"curies":[{"name":"wp","href":"https:\/\/api.w.org\/{rel}","templated":true}]}}