{"id":256,"date":"2024-09-18T11:44:08","date_gmt":"2024-09-18T14:44:08","guid":{"rendered":"https:\/\/departamentos.uel.br\/quimica\/?p=256"},"modified":"2024-09-18T11:47:01","modified_gmt":"2024-09-18T14:47:01","slug":"uel-integra-rede-de-ressonancia-magnetica-em-novo-arranjo-de-pesquisa-e-inovacao","status":"publish","type":"post","link":"https:\/\/departamentos.uel.br\/quimica\/sem-categoria\/2024\/09\/18\/uel-integra-rede-de-ressonancia-magnetica-em-novo-arranjo-de-pesquisa-e-inovacao\/","title":{"rendered":"UEL integra Rede de Resson\u00e2ncia Magn\u00e9tica em Novo Arranjo de Pesquisa e Inova\u00e7\u00e3o"},"content":{"rendered":"\n<p> <\/p>\n\n\n\n<p>A UEL, por meio do Laborat\u00f3rio de Resson\u00e2ncia Magn\u00e9tica Nuclear, passa a integrar a Rede Estadual de Resson\u00e2ncia Magn\u00e9tica (RMN), que ser\u00e1 formada por pesquisadores de cinco Institui\u00e7\u00f5es de Ensino Superior (IES) sediadas no Paran\u00e1. A rede estadual est\u00e1 estruturada em um Novo Arranjo de Pesquisa e Inova\u00e7\u00e3o (Napi) e&nbsp;faz parte da iniciativa de desenvolvimento econ\u00f4mico e social do Governo do Estado do Paran\u00e1 que integra universidades e organiza\u00e7\u00f5es p\u00fablicas e privadas em arranjos de pesquisa em \u00e1reas estrat\u00e9gicas, recebendo financiamento da Funda\u00e7\u00e3o Arauc\u00e1ria (FA), sob a coordena\u00e7\u00e3o da Secretaria de Ci\u00eancia, Tecnologia e Ensino Superior (Seti).&nbsp;<\/p>\n\n\n\n<p>Docente do Departamento de Qu\u00edmica (UEL), o professor Fernando C\u00e9sar de Macedo J\u00fanior, da \u00e1rea de Qu\u00edmica Org\u00e2nica, \u00e9 o pesquisador respons\u00e1vel pelo laborat\u00f3rio de RMN. Ele ir\u00e1 atuar junto aos pesquisadores Kahlil Schwanka Salome (UFPR), Ernani Abicht Basso (UEM), Caroline da Costa Silva Gon\u00e7alves (Unila) e Barbara Cel\u00e2nia Fiorin (UEPG) no Novo Arranjo de Pesquisa e Inova\u00e7\u00e3o. As pesquisas objetivam a&nbsp;gera\u00e7\u00e3o de produtos tecnol\u00f3gicos por meio da amplia\u00e7\u00e3o do uso da RMN no estado. O grupo ainda ter\u00e1 como coordenador o professor Andersson Barison, do Programa de P\u00f3s-gradua\u00e7\u00e3o em Ci\u00eancias Farmac\u00eauticas da Universidade Federal do Paran\u00e1 (UFPR).<\/p>\n\n\n\n<h2 class=\"wp-block-heading\"><strong>Investimento &nbsp;<\/strong><\/h2>\n\n\n\n<p>Conforme o plano de trabalho aprovado pela Funda\u00e7\u00e3o Arauc\u00e1ria, o Napi&nbsp;contar\u00e1 com um or\u00e7amento de quase R$ 5 milh\u00f5es para planejar e executar a\u00e7\u00f5es e investimentos ao longo de 48 meses. Desta forma, prevendo garantir o&nbsp;pleno funcionamento de todo parque instrumental de Resson\u00e2ncia Magn\u00e9tica Nuclear (RMN) do Paran\u00e1, cujos equipamentos est\u00e3o presentes nos laborat\u00f3rios das universidades envolvidas. O valor tamb\u00e9m ser\u00e1 usado na aquisi\u00e7\u00e3o de produtos e materiais, e na concess\u00e3o de bolsas de estudos para estudantes de p\u00f3s-gradua\u00e7\u00e3o.&nbsp;Do total,&nbsp;R$ 636,3 mil ser\u00e3o destinados \u00e0 Universidade Estadual de Londrina, sendo R$ 246 mil para a concess\u00e3o de quatro bolsas de estudos a estudantes de p\u00f3s-gradua\u00e7\u00e3o.<\/p>\n\n\n\n<p>Conforme explica o professor Fernando Macedo,&nbsp;parte deste or\u00e7amento ir\u00e1 atender \u00e0 demanda&nbsp;de manuten\u00e7\u00e3o de um dos seis equipamentos presentes no laborat\u00f3rio, o Espectr\u00f4metro de Resson\u00e2ncia Magn\u00e9tica Nuclear. O bom funcionamento do espectr\u00f4metro, que foi adquirido pela UEL com recursos da Financiadora de Estudos e Projetos (Finep), \u00e9 fundamental para a continuidade do desenvolvimento de diversos projetos de pesquisa e para a presta\u00e7\u00e3o dos servi\u00e7os junto \u00e0s ind\u00fastrias farmac\u00eautica e agroqu\u00edmica. \u201cS\u00e3o empresas que precisam ter uma garantia da qualidade destes produtos finais, ent\u00e3o somos acionados para fazer a an\u00e1lise\u201d, destaca.&nbsp;<\/p>\n\n\n\n<p>Ao mesmo tempo, acrescenta, a pesquisa e o pr\u00f3prio desenvolvimento de novas plantas de s\u00edntese destes produtos s\u00e3o frequentemente apoiados por dados fornecidos pelo Espectr\u00f4metro de RMN, al\u00e9m das demandas espec\u00edficas da pesquisa b\u00e1sica.<\/p>\n","protected":false},"excerpt":{"rendered":"<p>A UEL, por meio do Laborat\u00f3rio de Resson\u00e2ncia Magn\u00e9tica Nuclear, passa a integrar a Rede Estadual de Resson\u00e2ncia Magn\u00e9tica (RMN), que ser\u00e1 formada por pesquisadores de cinco Institui\u00e7\u00f5es de Ensino Superior (IES) sediadas no Paran\u00e1. A rede estadual est\u00e1 estruturada em um Novo Arranjo de Pesquisa e Inova\u00e7\u00e3o (Napi) e&nbsp;faz parte da iniciativa de desenvolvimento [&hellip;]<\/p>\n","protected":false},"author":7,"featured_media":258,"comment_status":"open","ping_status":"open","sticky":false,"template":"","format":"standard","meta":{"_acf_changed":false,"_themeisle_gutenberg_block_has_review":false,"footnotes":""},"categories":[1],"tags":[],"class_list":["post-256","post","type-post","status-publish","format-standard","has-post-thumbnail","hentry","category-sem-categoria"],"acf":[],"_links":{"self":[{"href":"https:\/\/departamentos.uel.br\/quimica\/wp-json\/wp\/v2\/posts\/256","targetHints":{"allow":["GET"]}}],"collection":[{"href":"https:\/\/departamentos.uel.br\/quimica\/wp-json\/wp\/v2\/posts"}],"about":[{"href":"https:\/\/departamentos.uel.br\/quimica\/wp-json\/wp\/v2\/types\/post"}],"author":[{"embeddable":true,"href":"https:\/\/departamentos.uel.br\/quimica\/wp-json\/wp\/v2\/users\/7"}],"replies":[{"embeddable":true,"href":"https:\/\/departamentos.uel.br\/quimica\/wp-json\/wp\/v2\/comments?post=256"}],"version-history":[{"count":1,"href":"https:\/\/departamentos.uel.br\/quimica\/wp-json\/wp\/v2\/posts\/256\/revisions"}],"predecessor-version":[{"id":257,"href":"https:\/\/departamentos.uel.br\/quimica\/wp-json\/wp\/v2\/posts\/256\/revisions\/257"}],"wp:featuredmedia":[{"embeddable":true,"href":"https:\/\/departamentos.uel.br\/quimica\/wp-json\/wp\/v2\/media\/258"}],"wp:attachment":[{"href":"https:\/\/departamentos.uel.br\/quimica\/wp-json\/wp\/v2\/media?parent=256"}],"wp:term":[{"taxonomy":"category","embeddable":true,"href":"https:\/\/departamentos.uel.br\/quimica\/wp-json\/wp\/v2\/categories?post=256"},{"taxonomy":"post_tag","embeddable":true,"href":"https:\/\/departamentos.uel.br\/quimica\/wp-json\/wp\/v2\/tags?post=256"}],"curies":[{"name":"wp","href":"https:\/\/api.w.org\/{rel}","templated":true}]}}