{"id":85,"date":"2024-11-06T17:27:45","date_gmt":"2024-11-06T20:27:45","guid":{"rendered":"https:\/\/departamentos.uel.br\/psicologia-geral-e-analise-do-comportamento\/?p=85"},"modified":"2024-11-06T17:30:42","modified_gmt":"2024-11-06T20:30:42","slug":"lappsic-promove-curso-de-aplicacao-de-exame-psicologico","status":"publish","type":"post","link":"https:\/\/departamentos.uel.br\/psicologia-geral-e-analise-do-comportamento\/sem-categoria\/2024\/11\/06\/lappsic-promove-curso-de-aplicacao-de-exame-psicologico\/","title":{"rendered":"LAPPSIC promove curso de aplica\u00e7\u00e3o de exame psicol\u00f3gico"},"content":{"rendered":"\n<p>A fim de proporcionar a aplica\u00e7\u00e3o, corre\u00e7\u00e3o e interpreta\u00e7\u00e3o do teste WISC-IV, O&nbsp;<a href=\"https:\/\/www.uel.br\/ccb\/ppsic\/portal\/\">Departamento de Psicologia e Psican\u00e1lise<\/a>&nbsp;promove, a partir do Laborat\u00f3rio de Avalia\u00e7\u00e3o Psicol\u00f3gica da UEL (<a href=\"https:\/\/www.facebook.com\/lappsic\/\">LAPPSIC<\/a>), um curso presencial voltado ao exame psicol\u00f3gico. A oficina, que acontece no dia 29 de novembro a partir das 8h, ser\u00e1 ministrada pela psic\u00f3loga Maria Eduarda Oening.<\/p>\n\n\n\n<p>O teste WISC-IV faz refer\u00eancia \u00e0 4\u00aa edi\u00e7\u00e3o da Escala Wechsler de Intelig\u00eancia para Crian\u00e7as, um instrumento cl\u00ednico de exame em indiv\u00edduos com idades entre 6 e 16 anos que tem como finalidade mensurar a capacidade intelectual e o processo de resolu\u00e7\u00e3o de conflitos dos pacientes. Durante o curso os participantes poder\u00e3o manusear o instrumento al\u00e9m de aprender de maneira pr\u00e1tica atrav\u00e9s do estudo de casos espec\u00edficos.<\/p>\n\n\n\n<p>Aos interessados, o curso conta com emiss\u00e3o de certificado de 8 horas e as inscri\u00e7\u00f5es podem ser realizadas&nbsp;<a href=\"https:\/\/www.sistemasweb.uel.br\/index.php?contents=system\/insc\/index.php&amp;pagina=view\/inscricoes\/seleciona_evento.php&amp;cod_evento=9748\">neste endere\u00e7o<\/a>. Os pre\u00e7os variam, Estudante de gradua\u00e7\u00e3o em Psicologia da UEL pagam R$100,00; Estudante de gradua\u00e7\u00e3o em Psicologia nas demais institui\u00e7\u00f5es pagam R$150,00 e Psic\u00f3logos pagam R$250,00.<\/p>\n\n\n\n<p><\/p>\n\n\n\n<p><\/p>\n\n\n\n<p><\/p>\n","protected":false},"excerpt":{"rendered":"<p>A fim de proporcionar a aplica\u00e7\u00e3o, corre\u00e7\u00e3o e interpreta\u00e7\u00e3o do teste WISC-IV, O&nbsp;Departamento de Psicologia e Psican\u00e1lise&nbsp;promove, a partir do Laborat\u00f3rio de Avalia\u00e7\u00e3o Psicol\u00f3gica da UEL (LAPPSIC), um curso presencial voltado ao exame psicol\u00f3gico. A oficina, que acontece no dia 29 de novembro a partir das 8h, ser\u00e1 ministrada pela psic\u00f3loga Maria Eduarda Oening. O [&hellip;]<\/p>\n","protected":false},"author":6,"featured_media":87,"comment_status":"open","ping_status":"open","sticky":false,"template":"","format":"standard","meta":{"_acf_changed":false,"_themeisle_gutenberg_block_has_review":false,"footnotes":""},"categories":[1],"tags":[],"class_list":["post-85","post","type-post","status-publish","format-standard","has-post-thumbnail","hentry","category-sem-categoria"],"acf":[],"_links":{"self":[{"href":"https:\/\/departamentos.uel.br\/psicologia-geral-e-analise-do-comportamento\/wp-json\/wp\/v2\/posts\/85","targetHints":{"allow":["GET"]}}],"collection":[{"href":"https:\/\/departamentos.uel.br\/psicologia-geral-e-analise-do-comportamento\/wp-json\/wp\/v2\/posts"}],"about":[{"href":"https:\/\/departamentos.uel.br\/psicologia-geral-e-analise-do-comportamento\/wp-json\/wp\/v2\/types\/post"}],"author":[{"embeddable":true,"href":"https:\/\/departamentos.uel.br\/psicologia-geral-e-analise-do-comportamento\/wp-json\/wp\/v2\/users\/6"}],"replies":[{"embeddable":true,"href":"https:\/\/departamentos.uel.br\/psicologia-geral-e-analise-do-comportamento\/wp-json\/wp\/v2\/comments?post=85"}],"version-history":[{"count":1,"href":"https:\/\/departamentos.uel.br\/psicologia-geral-e-analise-do-comportamento\/wp-json\/wp\/v2\/posts\/85\/revisions"}],"predecessor-version":[{"id":86,"href":"https:\/\/departamentos.uel.br\/psicologia-geral-e-analise-do-comportamento\/wp-json\/wp\/v2\/posts\/85\/revisions\/86"}],"wp:featuredmedia":[{"embeddable":true,"href":"https:\/\/departamentos.uel.br\/psicologia-geral-e-analise-do-comportamento\/wp-json\/wp\/v2\/media\/87"}],"wp:attachment":[{"href":"https:\/\/departamentos.uel.br\/psicologia-geral-e-analise-do-comportamento\/wp-json\/wp\/v2\/media?parent=85"}],"wp:term":[{"taxonomy":"category","embeddable":true,"href":"https:\/\/departamentos.uel.br\/psicologia-geral-e-analise-do-comportamento\/wp-json\/wp\/v2\/categories?post=85"},{"taxonomy":"post_tag","embeddable":true,"href":"https:\/\/departamentos.uel.br\/psicologia-geral-e-analise-do-comportamento\/wp-json\/wp\/v2\/tags?post=85"}],"curies":[{"name":"wp","href":"https:\/\/api.w.org\/{rel}","templated":true}]}}