{"id":94,"date":"2024-10-29T13:05:57","date_gmt":"2024-10-29T16:05:57","guid":{"rendered":"https:\/\/departamentos.uel.br\/medicina-veterinaria-preventiva\/?p=94"},"modified":"2024-10-29T13:08:08","modified_gmt":"2024-10-29T16:08:08","slug":"doutoranda-em-saude-animal-recebe-dupla-titulacao-com-universidade-da-belgica","status":"publish","type":"post","link":"https:\/\/departamentos.uel.br\/medicina-veterinaria-preventiva\/sem-categoria\/2024\/10\/29\/doutoranda-em-saude-animal-recebe-dupla-titulacao-com-universidade-da-belgica\/","title":{"rendered":"Doutoranda em Sa\u00fade Animal recebe dupla titula\u00e7\u00e3o com universidade da B\u00e9lgica"},"content":{"rendered":"\n<p>Marielen de Souza \u00e9 graduada em Medicina Veterin\u00e1ria pela UEL e dedica-se ao estudo da sa\u00fade intestinal de frangos de corte desde 2018. Em 2020, ela deu in\u00edcio ao seu doutorado sandu\u00edche sobre o tema em uma parceria entre a UEL e a Universidade de Ghent, na B\u00e9lgica. Ela foi orientada pela professora Ana Paula Frederico Bracarense, do Programa de P\u00f3s-Gradua\u00e7\u00e3o (PPG) em Ci\u00eancia Animal, vinculado ao Centro de Ci\u00eancias Agr\u00e1rias (CCA) e defendeu sua tese na \u00faltima quarta-feira (24). A co-orienta\u00e7\u00e3o foi da professora Ana Angelita Sampaio Baptista, do Departamento de Medicina Veterin\u00e1ria Preventiva (CCA) e respons\u00e1vel pelo Laborat\u00f3rio de Medicina Avi\u00e1ria, do mesmo departamento, e a supervis\u00e3o do professor Filip Immersel, representante da institui\u00e7\u00e3o belga.<\/p>\n\n\n\n<p>A primeira defesa do doutorado foi realizada em regime de cotutela, que \u00e9 definido pela participa\u00e7\u00e3o do estudante em uma pesquisa na modalidade de coopera\u00e7\u00e3o internacional. Na ocasi\u00e3o, Marielen obteve a aprova\u00e7\u00e3o de ambas as institui\u00e7\u00f5es e a dupla titula\u00e7\u00e3o. Esta experi\u00eancia marcou a primeira parceria de cotutela do PPG em Ci\u00eancia Animal da UEL.<\/p>\n\n\n\n<p>A defesa foi remota e a banca teve a participa\u00e7\u00e3o da professora Ana Paula Bracarense, do professor Caio Abercio da Silva, do Departamento de Zootecnia (CCA) da UEL, e da professora Leila Maidana, da Universidade Nacional de Assun\u00e7\u00e3o, no Paraguai. Representando a&nbsp;Universidade de Ghent, participaram da banca, al\u00e9m de Filip Immersel, os professores Geert Janssens e Richard Ducatelle, especialistas em nutri\u00e7\u00e3o animal e patologia veterin\u00e1ria, respectivamente.<\/p>\n\n\n\n<p>Sua tese \u00e9 intitulada&nbsp;<em>\u201cStrategies to Promote Intestinal Helath in Broiler Chickens\u201d<\/em>&nbsp;(Estrat\u00e9gias para promover a sa\u00fade intestinal de frangos de corte). A professora Ana Paula Bracarense explica que o estudo focou em um segmento da cadeia produtiva muito expressivo no Brasil e na Europa: o de frangos para o abate.<\/p>\n\n\n\n<p>A pesquisa da estudante observou o avan\u00e7o da enterite necr\u00f3tica (uma doen\u00e7a intestinal que acomete as aves) e o consequente preju\u00edzo para a sa\u00fade dos frangos e para o seu aproveitamento no mercado. Al\u00e9m disso, foi analisada a manifesta\u00e7\u00e3o de microtoxinas nos animais que podem interferir inclusive na alimenta\u00e7\u00e3o humana. Para isso, foram estudadas estrat\u00e9gias de tratamento. \u201cFoi usado um pool de lactobacilos para melhorar a sa\u00fade intestinal desses animais\u201d, explica a professora.<\/p>\n\n\n\n<p>Marielen, devido ao destaque de seu estudo, foi admitida pela empresa belga\u00a0<a href=\"https:\/\/poulpharm.com\/\" target=\"_blank\" rel=\"noreferrer noopener\">Poulpharm<\/a>, especializada na ind\u00fastria farmac\u00eautica e nutricional veterin\u00e1ria. Ana Paula Bracarense destaca que esta titula\u00e7\u00e3o em parceria com uma institui\u00e7\u00e3o estrangeira reconhece o hist\u00f3rico de trabalho do PPG em Ci\u00eancia Animal, que na \u00faltima avalia\u00e7\u00e3o do Coordena\u00e7\u00e3o de Aperfei\u00e7oamento de Pessoal de N\u00edvel Superior (Capes) obteve o conceito 7, considerado de excel\u00eancia. \u201cA condi\u00e7\u00e3o de forma\u00e7\u00e3o dada aos nossos estudantes aqui \u00e9 uma condi\u00e7\u00e3o do mesmo n\u00edvel de institui\u00e7\u00f5es de compet\u00eancia reconhecida, como a Universidade de Ghent\u201d, declara. A institui\u00e7\u00e3o belga est\u00e1 entre as 150 melhores universidades do mundo.<\/p>\n\n\n\n<p><\/p>\n","protected":false},"excerpt":{"rendered":"<p>Marielen de Souza \u00e9 graduada em Medicina Veterin\u00e1ria pela UEL e dedica-se ao estudo da sa\u00fade intestinal de frangos de corte desde 2018. Em 2020, ela deu in\u00edcio ao seu doutorado sandu\u00edche sobre o tema em uma parceria entre a UEL e a Universidade de Ghent, na B\u00e9lgica. Ela foi orientada pela professora Ana Paula [&hellip;]<\/p>\n","protected":false},"author":6,"featured_media":96,"comment_status":"open","ping_status":"open","sticky":false,"template":"","format":"standard","meta":{"_acf_changed":false,"_themeisle_gutenberg_block_has_review":false,"footnotes":""},"categories":[1],"tags":[],"class_list":["post-94","post","type-post","status-publish","format-standard","has-post-thumbnail","hentry","category-sem-categoria"],"acf":[],"_links":{"self":[{"href":"https:\/\/departamentos.uel.br\/medicina-veterinaria-preventiva\/wp-json\/wp\/v2\/posts\/94","targetHints":{"allow":["GET"]}}],"collection":[{"href":"https:\/\/departamentos.uel.br\/medicina-veterinaria-preventiva\/wp-json\/wp\/v2\/posts"}],"about":[{"href":"https:\/\/departamentos.uel.br\/medicina-veterinaria-preventiva\/wp-json\/wp\/v2\/types\/post"}],"author":[{"embeddable":true,"href":"https:\/\/departamentos.uel.br\/medicina-veterinaria-preventiva\/wp-json\/wp\/v2\/users\/6"}],"replies":[{"embeddable":true,"href":"https:\/\/departamentos.uel.br\/medicina-veterinaria-preventiva\/wp-json\/wp\/v2\/comments?post=94"}],"version-history":[{"count":1,"href":"https:\/\/departamentos.uel.br\/medicina-veterinaria-preventiva\/wp-json\/wp\/v2\/posts\/94\/revisions"}],"predecessor-version":[{"id":95,"href":"https:\/\/departamentos.uel.br\/medicina-veterinaria-preventiva\/wp-json\/wp\/v2\/posts\/94\/revisions\/95"}],"wp:featuredmedia":[{"embeddable":true,"href":"https:\/\/departamentos.uel.br\/medicina-veterinaria-preventiva\/wp-json\/wp\/v2\/media\/96"}],"wp:attachment":[{"href":"https:\/\/departamentos.uel.br\/medicina-veterinaria-preventiva\/wp-json\/wp\/v2\/media?parent=94"}],"wp:term":[{"taxonomy":"category","embeddable":true,"href":"https:\/\/departamentos.uel.br\/medicina-veterinaria-preventiva\/wp-json\/wp\/v2\/categories?post=94"},{"taxonomy":"post_tag","embeddable":true,"href":"https:\/\/departamentos.uel.br\/medicina-veterinaria-preventiva\/wp-json\/wp\/v2\/tags?post=94"}],"curies":[{"name":"wp","href":"https:\/\/api.w.org\/{rel}","templated":true}]}}