{"id":91,"date":"2024-10-29T13:02:31","date_gmt":"2024-10-29T16:02:31","guid":{"rendered":"https:\/\/departamentos.uel.br\/medicina-veterinaria-preventiva\/?p=91"},"modified":"2024-10-29T13:03:45","modified_gmt":"2024-10-29T16:03:45","slug":"professor-de-medicina-veterinaria-participa-de-evento-cientifico-do-g20","status":"publish","type":"post","link":"https:\/\/departamentos.uel.br\/medicina-veterinaria-preventiva\/sem-categoria\/2024\/10\/29\/professor-de-medicina-veterinaria-participa-de-evento-cientifico-do-g20\/","title":{"rendered":"Professor de Medicina Veterin\u00e1ria participa de evento cient\u00edfico do G20"},"content":{"rendered":"\n<p>Um filme passou diante dos olhos de Ulisses de P\u00e1dua: o professor de Medicina Veterin\u00e1ria viu toda sua vida, sua fam\u00edlia, amigos e colegas de profiss\u00e3o que o auxiliaram em sua jornada at\u00e9 alcan\u00e7ar um lugar ao lado de cientistas renomados do mundo inteiro. O atual diretor do Hospital Veterin\u00e1rio (HV) e membro afiliado da Academia Brasileira de Ci\u00eancias (ABC) participou do&nbsp;<em>Inception Meeting<\/em>&nbsp;do&nbsp;<em>Science<\/em>20 (S20), grupo de engajamento do G20 que trata de temas referentes \u00e0 ci\u00eancia e tecnologia. O grupo reuniu membros de academias de ci\u00eancia de 19 pa\u00edses, al\u00e9m da Uni\u00e3o Europeia e da Uni\u00e3o Africana.<\/p>\n\n\n\n<p>Durante os dias 11 e 12, o Rio de Janeiro foi palco de discuss\u00f5es envolvendo a tem\u00e1tica Ci\u00eancia para a Transforma\u00e7\u00e3o Mundial. Neste contexto, o evento abordou cinco temas que visam a converg\u00eancia da atua\u00e7\u00e3o cient\u00edfica mundial: \u201cBioeconomia: impulsionando o mundo em dire\u00e7\u00e3o a um planeta sustent\u00e1vel\u201d; \u201cDesafios da Sa\u00fade: qualidade, equidade e acesso\u201d; \u201cIntelig\u00eancia Artificial (IA): \u00e9tica, impacto social, regulamenta\u00e7\u00e3o e compartilhamento de conhecimento\u201d; \u201cJusti\u00e7a Social: promovendo a inclus\u00e3o, acabando com a pobreza e reduzindo as desigualdades\u201d; e \u201cProcesso de Transi\u00e7\u00e3o Energ\u00e9tica: energias renov\u00e1veis, considera\u00e7\u00f5es sociais e econ\u00f4micas\u201d.<\/p>\n\n\n\n<p>Para Ulisses, o que chamou sua aten\u00e7\u00e3o durante o evento foi o car\u00e1ter humanit\u00e1rio que os participantes demonstraram. \u201cAs pessoas ali n\u00e3o estavam simplesmente de uma forma ego\u00edsta preocupadas com sua \u00e1rea cient\u00edfica, mas, sim, preocupadas com o planeta. Esse foi o ponto chave. Mostra que a ci\u00eancia est\u00e1 evoluindo de uma forma muito interessante levando em considera\u00e7\u00e3o o mundo como um todo\u201d, aponta.&nbsp;<\/p>\n\n\n\n<p>Estar em um meio onde a ci\u00eancia \u00e9 discutida \u201cem outro patamar\u201d, segundo o professor, \u00e9 muito gratificante e motivo de orgulho. O caminho para se tornar membro de um \u00f3rg\u00e3o milenar como a ABC \u201cfoi uma jornada de muita dedica\u00e7\u00e3o durante toda vida, de ter interesse pelo mestrado, pelo doutorado e de sempre tentar trabalhar e ajudar os colegas. Ser curioso, se interessar e aprender com os projetos dos colegas, tudo isso ajuda a construir um racioc\u00ednio cient\u00edfico melhor\u201d, explica Ulisses.<\/p>\n\n\n\n<p>Para o docente, a ABC tem papel fundamental no cen\u00e1rio cient\u00edfico para al\u00e9m das descobertas e pesquisas, mas tamb\u00e9m em unir profissionais de diversas \u00e1reas levando em considera\u00e7\u00e3o a fun\u00e7\u00e3o social da ci\u00eancia. \u201cA Academia faz parte de pontos muito relevantes para proteger a ci\u00eancia brasileira e a estimular com fomentos e medidas governamentais para que a ci\u00eancia sempre tenha um caminho \u00e9tico\u201d, destaca.&nbsp;<\/p>\n\n\n\n<blockquote class=\"wp-block-quote is-layout-flow wp-block-quote-is-layout-flow\">\n<p>\u201cS\u00f3 depois de muitos anos que eu fui sonhar com essa possibilidade de ser membro da Academia Brasileira de Ci\u00eancias. \u00c9 uma emo\u00e7\u00e3o muito grande. Fiquei muito satisfeito. \u00c9 um est\u00edmulo para continuarmos trabalhando e desenvolvendo produtos e pessoas\u201d.\u00a0\u00a0(Ulisses de P\u00e1dua, professor de Medicina Veterin\u00e1ria na UEL)<\/p>\n<\/blockquote>\n","protected":false},"excerpt":{"rendered":"<p>Um filme passou diante dos olhos de Ulisses de P\u00e1dua: o professor de Medicina Veterin\u00e1ria viu toda sua vida, sua fam\u00edlia, amigos e colegas de profiss\u00e3o que o auxiliaram em sua jornada at\u00e9 alcan\u00e7ar um lugar ao lado de cientistas renomados do mundo inteiro. O atual diretor do Hospital Veterin\u00e1rio (HV) e membro afiliado da [&hellip;]<\/p>\n","protected":false},"author":6,"featured_media":93,"comment_status":"open","ping_status":"open","sticky":false,"template":"","format":"standard","meta":{"_acf_changed":false,"_themeisle_gutenberg_block_has_review":false,"footnotes":""},"categories":[1],"tags":[],"class_list":["post-91","post","type-post","status-publish","format-standard","has-post-thumbnail","hentry","category-sem-categoria"],"acf":[],"_links":{"self":[{"href":"https:\/\/departamentos.uel.br\/medicina-veterinaria-preventiva\/wp-json\/wp\/v2\/posts\/91","targetHints":{"allow":["GET"]}}],"collection":[{"href":"https:\/\/departamentos.uel.br\/medicina-veterinaria-preventiva\/wp-json\/wp\/v2\/posts"}],"about":[{"href":"https:\/\/departamentos.uel.br\/medicina-veterinaria-preventiva\/wp-json\/wp\/v2\/types\/post"}],"author":[{"embeddable":true,"href":"https:\/\/departamentos.uel.br\/medicina-veterinaria-preventiva\/wp-json\/wp\/v2\/users\/6"}],"replies":[{"embeddable":true,"href":"https:\/\/departamentos.uel.br\/medicina-veterinaria-preventiva\/wp-json\/wp\/v2\/comments?post=91"}],"version-history":[{"count":1,"href":"https:\/\/departamentos.uel.br\/medicina-veterinaria-preventiva\/wp-json\/wp\/v2\/posts\/91\/revisions"}],"predecessor-version":[{"id":92,"href":"https:\/\/departamentos.uel.br\/medicina-veterinaria-preventiva\/wp-json\/wp\/v2\/posts\/91\/revisions\/92"}],"wp:featuredmedia":[{"embeddable":true,"href":"https:\/\/departamentos.uel.br\/medicina-veterinaria-preventiva\/wp-json\/wp\/v2\/media\/93"}],"wp:attachment":[{"href":"https:\/\/departamentos.uel.br\/medicina-veterinaria-preventiva\/wp-json\/wp\/v2\/media?parent=91"}],"wp:term":[{"taxonomy":"category","embeddable":true,"href":"https:\/\/departamentos.uel.br\/medicina-veterinaria-preventiva\/wp-json\/wp\/v2\/categories?post=91"},{"taxonomy":"post_tag","embeddable":true,"href":"https:\/\/departamentos.uel.br\/medicina-veterinaria-preventiva\/wp-json\/wp\/v2\/tags?post=91"}],"curies":[{"name":"wp","href":"https:\/\/api.w.org\/{rel}","templated":true}]}}