{"id":178,"date":"2025-02-27T10:53:55","date_gmt":"2025-02-27T13:53:55","guid":{"rendered":"https:\/\/departamentos.uel.br\/medicina-veterinaria-preventiva\/?p=178"},"modified":"2025-02-27T10:56:49","modified_gmt":"2025-02-27T13:56:49","slug":"uel-abre-inscricoes-para-cursos-de-residencia-em-medicina-veterinaria","status":"publish","type":"post","link":"https:\/\/departamentos.uel.br\/medicina-veterinaria-preventiva\/sem-categoria\/2025\/02\/27\/uel-abre-inscricoes-para-cursos-de-residencia-em-medicina-veterinaria\/","title":{"rendered":"UEL abre inscri\u00e7\u00f5es para cursos de Resid\u00eancia em Medicina Veterin\u00e1ria"},"content":{"rendered":"\n<p>A partir desta quinta-feira (5), a Universidade Estadual de Londrina (UEL) abre as inscri\u00e7\u00f5es para cursos de p\u00f3s-gradua\u00e7\u00e3o&nbsp;<em>Lato sensu<\/em>&nbsp;na modalidade Resid\u00eancia em Medicina Veterin\u00e1ria, por meio do&nbsp;<a href=\"https:\/\/www.uel.br\/cca\/dmvp\/pages\/arquivos\/Edital-RV001-2024_(1).pdf\">Edital COREMU N\u00ba RV001\/2024<\/a>. As vagas s\u00e3o para ingresso no primeiro semestre de 2025, que ter\u00e1 in\u00edcio em 1\u00ba de mar\u00e7o de 2025. As inscri\u00e7\u00f5es devem ser feitas at\u00e9 \u00e0s 23h59 do dia 12 de dezembro, somente via<em>&nbsp;internet<\/em>&nbsp;por meio&nbsp;<a href=\"https:\/\/sites.uel.br\/proppg\/residencias\/\">deste endere\u00e7o<\/a>.<\/p>\n\n\n\n<p>Ao todo, s\u00e3o ofertadas&nbsp;32 vagas em 14 especialidades diferentes: Anestesiologia de Animais de Companhia (3); Cl\u00ednica M\u00e9dica de Animais de Companhia (5); Cl\u00ednica Cir\u00fargica de Animais de Companhia (5); Cl\u00ednica M\u00e9dica e Cir\u00fargica de Grandes Animais (2); Diagn\u00f3stico por Imagem de Animais de Companhia (1); Inspe\u00e7\u00e3o de Leite e Derivados (4); Medicina Avi\u00e1ria (1); Mol\u00e9stias Infecciosas (2); Mol\u00e9stias Parasit\u00e1ria (1); Patologia Animal (2); Patologia Cl\u00ednica Veterin\u00e1ria (1); Reprodu\u00e7\u00e3o de Grandes Animais (1); Sa\u00fade P\u00fablica Veterin\u00e1ria (1) e Teriogenologia de Animais de Companhia (3).&nbsp;<\/p>\n\n\n\n<p>Os cursos ofertados t\u00eam dura\u00e7\u00e3o de dois anos, regime de 60 horas semanais e s\u00e3o destinados a profissionais formados em Medicina Veterin\u00e1ria. As vagas s\u00e3o para o Programa de Resid\u00eancia Veterin\u00e1ria do Departamento de Cl\u00ednicas Veterin\u00e1rias e do Departamento de Medicina Veterin\u00e1ria Preventiva, ambos do Centro de Ci\u00eancias Agr\u00e1rias (CCA). &nbsp;<\/p>\n\n\n\n<p>Para fazer a inscri\u00e7\u00e3o, os candidatos devem enviar todos os documentos requeridos e pagar o pre\u00e7o p\u00fablico de R$ 323,00, al\u00e9m de cumprir as outras etapas indicadas no edital.<\/p>\n\n\n\n<p>Podem requerer a isen\u00e7\u00e3o no pagamento da taxa candidatos que se enquadram em algum dos&nbsp;seguintes crit\u00e9rios: pessoas inscritas no Cadastro \u00danico para Programas Sociais do Governo Federal (Cad\u00danico); doadores de sangue e medula, cujas doa\u00e7\u00f5es foram realizadas em \u00f3rg\u00e3o oficial de sa\u00fade ou \u00e0 entidade credenciada pela Uni\u00e3o, pelo Estado ou pelo Munic\u00edpio; eleitores convocados e nomeados pela justi\u00e7a eleitoral do estado do Paran\u00e1, que tenham prestado servi\u00e7o por, no m\u00ednimo, dois eventos eleitorais (elei\u00e7\u00e3o, plebiscito ou referendo), consecutivos ou n\u00e3o.&nbsp;<\/p>\n\n\n\n<p>A Sele\u00e7\u00e3o P\u00fablica ser\u00e1 feita por meio das seguintes etapas: Prova Te\u00f3rica, Prova Pr\u00e1tica (apenas para cursos espec\u00edficos indicados no Edital), Entrevista e An\u00e1lise de Curr\u00edculo. A Prova Te\u00f3rica&nbsp;ser\u00e1 realizada no dia 27 de janeiro de 2025, \u00e0s 8h30, em Londrina, no Campus da UEL.<\/p>\n\n\n\n<p><em>*Estagi\u00e1ria de Jornalismo na COM\/UEL.<\/em><\/p>\n","protected":false},"excerpt":{"rendered":"<p>A partir desta quinta-feira (5), a Universidade Estadual de Londrina (UEL) abre as inscri\u00e7\u00f5es para cursos de p\u00f3s-gradua\u00e7\u00e3o&nbsp;Lato sensu&nbsp;na modalidade Resid\u00eancia em Medicina Veterin\u00e1ria, por meio do&nbsp;Edital COREMU N\u00ba RV001\/2024. As vagas s\u00e3o para ingresso no primeiro semestre de 2025, que ter\u00e1 in\u00edcio em 1\u00ba de mar\u00e7o de 2025. As inscri\u00e7\u00f5es devem ser feitas at\u00e9 [&hellip;]<\/p>\n","protected":false},"author":6,"featured_media":180,"comment_status":"open","ping_status":"open","sticky":false,"template":"","format":"standard","meta":{"_acf_changed":false,"_themeisle_gutenberg_block_has_review":false,"footnotes":""},"categories":[1],"tags":[],"class_list":["post-178","post","type-post","status-publish","format-standard","has-post-thumbnail","hentry","category-sem-categoria"],"acf":[],"_links":{"self":[{"href":"https:\/\/departamentos.uel.br\/medicina-veterinaria-preventiva\/wp-json\/wp\/v2\/posts\/178","targetHints":{"allow":["GET"]}}],"collection":[{"href":"https:\/\/departamentos.uel.br\/medicina-veterinaria-preventiva\/wp-json\/wp\/v2\/posts"}],"about":[{"href":"https:\/\/departamentos.uel.br\/medicina-veterinaria-preventiva\/wp-json\/wp\/v2\/types\/post"}],"author":[{"embeddable":true,"href":"https:\/\/departamentos.uel.br\/medicina-veterinaria-preventiva\/wp-json\/wp\/v2\/users\/6"}],"replies":[{"embeddable":true,"href":"https:\/\/departamentos.uel.br\/medicina-veterinaria-preventiva\/wp-json\/wp\/v2\/comments?post=178"}],"version-history":[{"count":1,"href":"https:\/\/departamentos.uel.br\/medicina-veterinaria-preventiva\/wp-json\/wp\/v2\/posts\/178\/revisions"}],"predecessor-version":[{"id":179,"href":"https:\/\/departamentos.uel.br\/medicina-veterinaria-preventiva\/wp-json\/wp\/v2\/posts\/178\/revisions\/179"}],"wp:featuredmedia":[{"embeddable":true,"href":"https:\/\/departamentos.uel.br\/medicina-veterinaria-preventiva\/wp-json\/wp\/v2\/media\/180"}],"wp:attachment":[{"href":"https:\/\/departamentos.uel.br\/medicina-veterinaria-preventiva\/wp-json\/wp\/v2\/media?parent=178"}],"wp:term":[{"taxonomy":"category","embeddable":true,"href":"https:\/\/departamentos.uel.br\/medicina-veterinaria-preventiva\/wp-json\/wp\/v2\/categories?post=178"},{"taxonomy":"post_tag","embeddable":true,"href":"https:\/\/departamentos.uel.br\/medicina-veterinaria-preventiva\/wp-json\/wp\/v2\/tags?post=178"}],"curies":[{"name":"wp","href":"https:\/\/api.w.org\/{rel}","templated":true}]}}