{"id":96,"date":"2023-09-11T20:33:09","date_gmt":"2023-09-11T23:33:09","guid":{"rendered":"https:\/\/departamentos.uel.br\/historia\/?p=96"},"modified":"2023-09-12T20:59:44","modified_gmt":"2023-09-12T23:59:44","slug":"perspectivas-historiograficas-50-anos-do-golpe-no-chile","status":"publish","type":"post","link":"https:\/\/departamentos.uel.br\/historia\/historia\/2023\/09\/11\/perspectivas-historiograficas-50-anos-do-golpe-no-chile\/","title":{"rendered":"PERSPECTIVAS HISTORIOGR\u00c1FICAS: 50 anos do golpe no Chile"},"content":{"rendered":"\n<p>O evento, que acontecer\u00e1 no dia 13\/09, quarta-feira, no Anfiteatro Maior, das 18h30 \u00e0s 20h, traz perspectivas historiogr\u00e1ficas acerca dos 50 anos do golpe no Chile. O evento ser\u00e1 mediado pelo professor Dr. Caio Pedrosa, e tem como apresentadores a professora Dra Carolina Amaral Aguiar e o professor Dr. Andr\u00e9 Ferreira.<\/p>\n\n\n<div class=\"wp-block-image\">\n<figure class=\"aligncenter size-large is-resized\"><img loading=\"lazy\" decoding=\"async\" src=\"https:\/\/departamentos.uel.br\/historia\/wp-content\/uploads\/2023\/09\/50-anos-instagram_page-0001-1024x1024.jpg\" alt=\"\" class=\"wp-image-98\" style=\"width:786px;height:786px\" width=\"786\" height=\"786\" \/><\/figure>\n<\/div>\n\n<div class=\"wp-block-image\">\n<figure class=\"aligncenter size-large is-resized\"><img loading=\"lazy\" decoding=\"async\" src=\"https:\/\/departamentos.uel.br\/historia\/wp-content\/uploads\/2023\/09\/50-anos-instagram_page-0002-1024x1024.jpg\" alt=\"\" class=\"wp-image-99\" style=\"width:790px;height:790px\" width=\"790\" height=\"790\" srcset=\"https:\/\/departamentos.uel.br\/historia\/wp-content\/uploads\/2023\/09\/50-anos-instagram_page-0002-1024x1024.jpg 1024w, https:\/\/departamentos.uel.br\/historia\/wp-content\/uploads\/2023\/09\/50-anos-instagram_page-0002-300x300.jpg 300w, https:\/\/departamentos.uel.br\/historia\/wp-content\/uploads\/2023\/09\/50-anos-instagram_page-0002-150x150.jpg 150w, https:\/\/departamentos.uel.br\/historia\/wp-content\/uploads\/2023\/09\/50-anos-instagram_page-0002-768x768.jpg 768w, https:\/\/departamentos.uel.br\/historia\/wp-content\/uploads\/2023\/09\/50-anos-instagram_page-0002-1536x1536.jpg 1536w, https:\/\/departamentos.uel.br\/historia\/wp-content\/uploads\/2023\/09\/50-anos-instagram_page-0002.jpg 1688w\" sizes=\"auto, (max-width: 790px) 100vw, 790px\" \/><\/figure>\n<\/div>\n\n\n<p>O Departamento de Hist\u00f3ria convida a todos e a todas para virem participar do evento.<\/p>\n","protected":false},"excerpt":{"rendered":"<p>Docentes do Departamento de Hist\u00f3ria promovem evento a ser realizado na quarta-feira (13\/09). Confira!<\/p>\n","protected":false},"author":6,"featured_media":98,"comment_status":"open","ping_status":"open","sticky":false,"template":"","format":"standard","meta":{"_acf_changed":false,"_themeisle_gutenberg_block_has_review":false,"footnotes":""},"categories":[6,5,7],"tags":[],"class_list":["post-96","post","type-post","status-publish","format-standard","has-post-thumbnail","hentry","category-clch","category-historia","category-uel"],"acf":[],"_links":{"self":[{"href":"https:\/\/departamentos.uel.br\/historia\/wp-json\/wp\/v2\/posts\/96","targetHints":{"allow":["GET"]}}],"collection":[{"href":"https:\/\/departamentos.uel.br\/historia\/wp-json\/wp\/v2\/posts"}],"about":[{"href":"https:\/\/departamentos.uel.br\/historia\/wp-json\/wp\/v2\/types\/post"}],"author":[{"embeddable":true,"href":"https:\/\/departamentos.uel.br\/historia\/wp-json\/wp\/v2\/users\/6"}],"replies":[{"embeddable":true,"href":"https:\/\/departamentos.uel.br\/historia\/wp-json\/wp\/v2\/comments?post=96"}],"version-history":[{"count":1,"href":"https:\/\/departamentos.uel.br\/historia\/wp-json\/wp\/v2\/posts\/96\/revisions"}],"predecessor-version":[{"id":100,"href":"https:\/\/departamentos.uel.br\/historia\/wp-json\/wp\/v2\/posts\/96\/revisions\/100"}],"wp:featuredmedia":[{"embeddable":true,"href":"https:\/\/departamentos.uel.br\/historia\/wp-json\/wp\/v2\/media\/98"}],"wp:attachment":[{"href":"https:\/\/departamentos.uel.br\/historia\/wp-json\/wp\/v2\/media?parent=96"}],"wp:term":[{"taxonomy":"category","embeddable":true,"href":"https:\/\/departamentos.uel.br\/historia\/wp-json\/wp\/v2\/categories?post=96"},{"taxonomy":"post_tag","embeddable":true,"href":"https:\/\/departamentos.uel.br\/historia\/wp-json\/wp\/v2\/tags?post=96"}],"curies":[{"name":"wp","href":"https:\/\/api.w.org\/{rel}","templated":true}]}}