{"id":170,"date":"2024-11-10T19:25:05","date_gmt":"2024-11-10T22:25:05","guid":{"rendered":"https:\/\/departamentos.uel.br\/filosofia\/?p=170"},"modified":"2024-11-10T19:25:42","modified_gmt":"2024-11-10T22:25:42","slug":"congresso-resgata-memoria-do-filosofo-alemao-christian-wolff","status":"publish","type":"post","link":"https:\/\/departamentos.uel.br\/filosofia\/sem-categoria\/2024\/11\/10\/congresso-resgata-memoria-do-filosofo-alemao-christian-wolff\/","title":{"rendered":"Congresso resgata mem\u00f3ria do fil\u00f3sofo alem\u00e3o Christian Wolff"},"content":{"rendered":"\n<p>O Centro de Letras e Ci\u00eancias Humanas (CLCH) ser\u00e1 palco do primeiro evento focado na filosofia de Christian Wolff no Brasil. O I Congresso Brasileiro Christian Wolff ser\u00e1 realizado entre os dias 22 e 24, com atividades presenciais e&nbsp;<em>online<\/em>. O objetivo \u00e9 criar um espa\u00e7o de discuss\u00e3o e possibilitar um melhor di\u00e1logo entre os pesquisadores wolffianos brasileiros e estrangeiros, al\u00e9m de demais interessados em filosofia alem\u00e3.<\/p>\n\n\n\n<p>Christian Wolff foi um pensador, jurista, matem\u00e1tico e professor alem\u00e3o do s\u00e9culo 17. Suas teorias marcaram o cen\u00e1rio da filosofia alem\u00e3, influenciando at\u00e9 mesmo os trabalhos de Immanuel Kant. Mesmo assim, Wolff foi deixado de lado na hist\u00f3ria dos grandes autores. \u201cApesar de ter ca\u00eddo praticamente no esquecimento em termos de hist\u00f3ria da filosofia, vem despertando interesse no sentido de ajudar a entender aspectos da filosofia kantiana, mas n\u00e3o s\u00f3. Por isso, a relev\u00e2ncia de se estudar sua filosofia hoje, e de expandir tal estudo tamb\u00e9m para o Brasil\u201d, explica Emanuel Lanzini, organizador do Congresso.<\/p>\n\n\n\n<p>Levantando a tem\u00e1tica das perspectivas de pesquisa atuais concernentes \u00e0 filosofia de Christian Wolff, al\u00e9m de sua atualidade e relev\u00e2ncia, o evento contar\u00e1 com apresenta\u00e7\u00e3o de trabalhos presenciais no CLCH durante as tardes e noites dos dias 22 e 23, com todas as atividades tendo transmiss\u00f5es online no canal do&nbsp;<em>Youtube<\/em>&nbsp;<a href=\"https:\/\/www.youtube.com\/@teoriasdajustica-filosofia2646\" target=\"_blank\" rel=\"noreferrer noopener\">Teorias da Justi\u00e7a UEL<\/a>. Na manh\u00e3 do dia 23 e todo o dia 24, os trabalhos ser\u00e3o apresentados somente de forma&nbsp;<em>online<\/em>.&nbsp;<\/p>\n\n\n\n<p>No evento, se apresentar\u00e3o pesquisadores da filosofia de Wolff tanto do Brasil, quanto do exterior. Destacam-se os professores alem\u00e3es da Universidade de Halle-Wittenberg&nbsp; J\u00fcrgen Stolzenberg, e Heiner Klemme. A programa\u00e7\u00e3o completa ser\u00e1 disponibilizada ainda essa semana e pode ser acessada no&nbsp;<a href=\"https:\/\/congressowolffuel2024.wordpress.com\/\" target=\"_blank\" rel=\"noreferrer noopener\">portal do Congresso<\/a>.&nbsp;<\/p>\n\n\n\n<p><\/p>\n","protected":false},"excerpt":{"rendered":"<p>O Centro de Letras e Ci\u00eancias Humanas (CLCH) ser\u00e1 palco do primeiro evento focado na filosofia de Christian Wolff no Brasil. O I Congresso Brasileiro Christian Wolff ser\u00e1 realizado entre os dias 22 e 24, com atividades presenciais e&nbsp;online. O objetivo \u00e9 criar um espa\u00e7o de discuss\u00e3o e possibilitar um melhor di\u00e1logo entre os pesquisadores [&hellip;]<\/p>\n","protected":false},"author":7,"featured_media":172,"comment_status":"open","ping_status":"open","sticky":false,"template":"","format":"standard","meta":{"_acf_changed":false,"_themeisle_gutenberg_block_has_review":false,"footnotes":""},"categories":[1],"tags":[],"class_list":["post-170","post","type-post","status-publish","format-standard","has-post-thumbnail","hentry","category-sem-categoria"],"acf":[],"_links":{"self":[{"href":"https:\/\/departamentos.uel.br\/filosofia\/wp-json\/wp\/v2\/posts\/170","targetHints":{"allow":["GET"]}}],"collection":[{"href":"https:\/\/departamentos.uel.br\/filosofia\/wp-json\/wp\/v2\/posts"}],"about":[{"href":"https:\/\/departamentos.uel.br\/filosofia\/wp-json\/wp\/v2\/types\/post"}],"author":[{"embeddable":true,"href":"https:\/\/departamentos.uel.br\/filosofia\/wp-json\/wp\/v2\/users\/7"}],"replies":[{"embeddable":true,"href":"https:\/\/departamentos.uel.br\/filosofia\/wp-json\/wp\/v2\/comments?post=170"}],"version-history":[{"count":1,"href":"https:\/\/departamentos.uel.br\/filosofia\/wp-json\/wp\/v2\/posts\/170\/revisions"}],"predecessor-version":[{"id":171,"href":"https:\/\/departamentos.uel.br\/filosofia\/wp-json\/wp\/v2\/posts\/170\/revisions\/171"}],"wp:featuredmedia":[{"embeddable":true,"href":"https:\/\/departamentos.uel.br\/filosofia\/wp-json\/wp\/v2\/media\/172"}],"wp:attachment":[{"href":"https:\/\/departamentos.uel.br\/filosofia\/wp-json\/wp\/v2\/media?parent=170"}],"wp:term":[{"taxonomy":"category","embeddable":true,"href":"https:\/\/departamentos.uel.br\/filosofia\/wp-json\/wp\/v2\/categories?post=170"},{"taxonomy":"post_tag","embeddable":true,"href":"https:\/\/departamentos.uel.br\/filosofia\/wp-json\/wp\/v2\/tags?post=170"}],"curies":[{"name":"wp","href":"https:\/\/api.w.org\/{rel}","templated":true}]}}