{"id":310,"date":"2025-02-17T17:53:24","date_gmt":"2025-02-17T20:53:24","guid":{"rendered":"https:\/\/departamentos.uel.br\/estatistica\/?p=310"},"modified":"2025-02-17T17:54:28","modified_gmt":"2025-02-17T20:54:28","slug":"divulgacao-de-resultado-e-convocacao-para-matricula-pos-graduacao-lato-sensu-em-estatistica-com-enfase-em-pesquisa-quantitativa-1o-semestre-2025","status":"publish","type":"post","link":"https:\/\/departamentos.uel.br\/estatistica\/sem-categoria\/2025\/02\/17\/divulgacao-de-resultado-e-convocacao-para-matricula-pos-graduacao-lato-sensu-em-estatistica-com-enfase-em-pesquisa-quantitativa-1o-semestre-2025\/","title":{"rendered":"Divulga\u00e7\u00e3o de resultado e convoca\u00e7\u00e3o para matr\u00edcula &#8211; P\u00f3s-Gradua\u00e7\u00e3o Lato Sensu em Estat\u00edstica com \u00canfase em Pesquisa Quantitativa \u2013 1\u00ba Semestre 2025"},"content":{"rendered":"\n<p>Curso de P\u00f3s-Gradua\u00e7\u00e3o Lato Sensu em Estat\u00edstica com \u00canfase em Pesquisa Quantitativa \u2013 1\u00ba Semestre 2025 \u2013 Divulga\u00e7\u00e3o de resultado e convoca\u00e7\u00e3o para matr\u00edcula  \u2013 1\u00ba Semestre 2025 \u2013 Edital N\u00ba 001\/2025<\/p>\n\n\n\n<div data-wp-interactive=\"core\/file\" class=\"wp-block-file\"><object data-wp-bind--hidden=\"!state.hasPdfPreview\" hidden class=\"wp-block-file__embed\" data=\"https:\/\/departamentos.uel.br\/estatistica\/wp-content\/uploads\/2025\/02\/edital2025-001.pdf\" type=\"application\/pdf\" style=\"width:100%;height:600px\" aria-label=\"Incorporado de edital2025-001.\"><\/object><a id=\"wp-block-file--media-0781e901-d31d-4471-8371-d3f54f5fa9b4\" href=\"https:\/\/departamentos.uel.br\/estatistica\/wp-content\/uploads\/2025\/02\/edital2025-001.pdf\">edital2025-001<\/a><a href=\"https:\/\/departamentos.uel.br\/estatistica\/wp-content\/uploads\/2025\/02\/edital2025-001.pdf\" class=\"wp-block-file__button wp-element-button\" download aria-describedby=\"wp-block-file--media-0781e901-d31d-4471-8371-d3f54f5fa9b4\">Baixar<\/a><\/div>\n","protected":false},"excerpt":{"rendered":"<p>Curso de P\u00f3s-Gradua\u00e7\u00e3o Lato Sensu em Estat\u00edstica com \u00canfase em Pesquisa Quantitativa \u2013 1\u00ba Semestre 2025 \u2013 Divulga\u00e7\u00e3o de resultado e convoca\u00e7\u00e3o para matr\u00edcula \u2013 1\u00ba Semestre 2025 \u2013 Edital N\u00ba 001\/2025<\/p>\n","protected":false},"author":6,"featured_media":134,"comment_status":"open","ping_status":"open","sticky":false,"template":"","format":"standard","meta":{"_acf_changed":false,"_themeisle_gutenberg_block_has_review":false,"footnotes":""},"categories":[1],"tags":[],"class_list":["post-310","post","type-post","status-publish","format-standard","has-post-thumbnail","hentry","category-sem-categoria"],"acf":[],"_links":{"self":[{"href":"https:\/\/departamentos.uel.br\/estatistica\/wp-json\/wp\/v2\/posts\/310","targetHints":{"allow":["GET"]}}],"collection":[{"href":"https:\/\/departamentos.uel.br\/estatistica\/wp-json\/wp\/v2\/posts"}],"about":[{"href":"https:\/\/departamentos.uel.br\/estatistica\/wp-json\/wp\/v2\/types\/post"}],"author":[{"embeddable":true,"href":"https:\/\/departamentos.uel.br\/estatistica\/wp-json\/wp\/v2\/users\/6"}],"replies":[{"embeddable":true,"href":"https:\/\/departamentos.uel.br\/estatistica\/wp-json\/wp\/v2\/comments?post=310"}],"version-history":[{"count":1,"href":"https:\/\/departamentos.uel.br\/estatistica\/wp-json\/wp\/v2\/posts\/310\/revisions"}],"predecessor-version":[{"id":312,"href":"https:\/\/departamentos.uel.br\/estatistica\/wp-json\/wp\/v2\/posts\/310\/revisions\/312"}],"wp:featuredmedia":[{"embeddable":true,"href":"https:\/\/departamentos.uel.br\/estatistica\/wp-json\/wp\/v2\/media\/134"}],"wp:attachment":[{"href":"https:\/\/departamentos.uel.br\/estatistica\/wp-json\/wp\/v2\/media?parent=310"}],"wp:term":[{"taxonomy":"category","embeddable":true,"href":"https:\/\/departamentos.uel.br\/estatistica\/wp-json\/wp\/v2\/categories?post=310"},{"taxonomy":"post_tag","embeddable":true,"href":"https:\/\/departamentos.uel.br\/estatistica\/wp-json\/wp\/v2\/tags?post=310"}],"curies":[{"name":"wp","href":"https:\/\/api.w.org\/{rel}","templated":true}]}}