{"id":273,"date":"2024-09-19T11:50:14","date_gmt":"2024-09-19T14:50:14","guid":{"rendered":"https:\/\/departamentos.uel.br\/estatistica\/?p=273"},"modified":"2024-09-19T11:56:57","modified_gmt":"2024-09-19T14:56:57","slug":"uel-leva-resultados-de-pesquisas-a-evento-de-biometria-em-piracicaba","status":"publish","type":"post","link":"https:\/\/departamentos.uel.br\/estatistica\/sem-categoria\/2024\/09\/19\/uel-leva-resultados-de-pesquisas-a-evento-de-biometria-em-piracicaba\/","title":{"rendered":"UEL leva resultados de pesquisas a evento de Biometria, em Piracicaba"},"content":{"rendered":"\n<p>A cidade de Piracicaba (SP) sediou, entre os dias 29 e 31 de maio, a 68\u00aa Reuni\u00e3o Anual da Regi\u00e3o Brasileira da Sociedade Internacional de Biometria, promovida pela Regi\u00e3o Brasileira da Sociedade Internacional de Biometria (RBras) e pelo Departamento de Ci\u00eancias Exatas da Escola Superior de Agricultura Luiz de Queiroz da Universidade de S\u00e3o Paulo (ESALQ\/USP). A professora do Departamento de Estat\u00edstica (CCE) da UEL Mariana Ragassi Urbano integrou a coordena\u00e7\u00e3o do evento. Al\u00e9m dela, estiveram na reuni\u00e3o os professores Rodrigo Rossetto Pescim e Felinto Costa, do mesmo departamento.<\/p>\n\n\n\n<p>Entre as tem\u00e1ticas contempladas pelo encontro, est\u00e3o a Estat\u00edstica Aplicada, a Biometria e a Bioestat\u00edstica. Estas \u00e1reas est\u00e3o relacionadas a aspectos matem\u00e1ticos e estat\u00edsticos que podem ser aplicados na Biologia, nas Ci\u00eancias Agr\u00e1rias e \u00e1reas afins. Esta edi\u00e7\u00e3o da reuni\u00e3o contou em sua programa\u00e7\u00e3o com confer\u00eancias, miniconfer\u00eancias, minicursos, sess\u00f5es tem\u00e1ticas, p\u00f4steres, sess\u00f5es de apresenta\u00e7\u00e3o oral, al\u00e9m de premia\u00e7\u00f5es.<\/p>\n\n\n\n<p>Entre as premia\u00e7\u00f5es, est\u00e1 o Pr\u00eamio Destaque RBras 2024, que reconhece profissionais por sua trajet\u00f3ria e suas contribui\u00e7\u00f5es cient\u00edficas na \u00e1rea da estat\u00edstica. Este ano, o pr\u00eamio foi entregue a Clarice Garcia Borges Dem\u00e9trio, da ESALQ\/USP. A entrega da premia\u00e7\u00e3o foi feita pela professora Mariana Urbano, que comentou a defer\u00eancia. \u201cFoi um privil\u00e9gio enorme ter sido escolhida para realizar a entrega desse pr\u00eamio para uma pessoa como a professora Clarice, que contribuiu e continua contribuindo tanto com a \u00e1rea, e foi a primeira mulher a receber o Pr\u00eamio Destaque RBras\u201d.<\/p>\n\n\n\n<p>J\u00e1 o professor Rodrigo Pescim integrou a sess\u00e3o tem\u00e1tica intitulada \u201cCi\u00eancia de Dados\u201d, e apresentou resultados de um trabalho desenvolvido em parceria com a Secretaria Municipal de Sa\u00fade de Londrina durante a pandemia de Covid-19. J\u00e1 Felinto Costa comandou um p\u00f4ster e uma apresenta\u00e7\u00e3o oral dedicados a um modelo que pode ser utilizado na classifica\u00e7\u00e3o do solo urbano.&nbsp;<\/p>\n\n\n\n<p>Outro ponto alto do evento foram as apresenta\u00e7\u00f5es de trabalhos dos alunos de doutorado do Programa Associado de P\u00f3s-gradua\u00e7\u00e3o em Arquitetura e Urbanismo da UEM\/UEL, que s\u00e3o orientados pela professora Mariana Urbano. O doutorando Andr\u00e9 Olak apresentou o p\u00f4ster \u201c<em>Effects of<\/em>\u00a0COVID-19\u00a0<em>vaccination in<\/em>\u00a0Arapongas \u2013\u00a0<em>State of\u00a0<\/em>Parana \u2013 Brazil\u201d, que re\u00fane resultados de um\u00a0<a href=\"https:\/\/operobal.uel.br\/cce\/2020\/12\/03\/nucleo-evolucao-da-covid-19-em-londrina-e-arapongas\/\" target=\"_blank\" rel=\"noreferrer noopener\">projeto desenvolvido na \u00e9poca da pandemia que acompanhava a evolu\u00e7\u00e3o da Covid-19 em Londrina e Arapongas<\/a>\u00a0e, a partir de dados disponibilizados pelas secretarias municipais de sa\u00fade, projetavam cen\u00e1rios de dissemina\u00e7\u00e3o e controle da doen\u00e7a.\u00a0<\/p>\n","protected":false},"excerpt":{"rendered":"<p>A cidade de Piracicaba (SP) sediou, entre os dias 29 e 31 de maio, a 68\u00aa Reuni\u00e3o Anual da Regi\u00e3o Brasileira da Sociedade Internacional de Biometria, promovida pela Regi\u00e3o Brasileira da Sociedade Internacional de Biometria (RBras) e pelo Departamento de Ci\u00eancias Exatas da Escola Superior de Agricultura Luiz de Queiroz da Universidade de S\u00e3o Paulo [&hellip;]<\/p>\n","protected":false},"author":7,"featured_media":275,"comment_status":"open","ping_status":"open","sticky":false,"template":"","format":"standard","meta":{"_acf_changed":false,"_themeisle_gutenberg_block_has_review":false,"footnotes":""},"categories":[1],"tags":[],"class_list":["post-273","post","type-post","status-publish","format-standard","has-post-thumbnail","hentry","category-sem-categoria"],"acf":[],"_links":{"self":[{"href":"https:\/\/departamentos.uel.br\/estatistica\/wp-json\/wp\/v2\/posts\/273","targetHints":{"allow":["GET"]}}],"collection":[{"href":"https:\/\/departamentos.uel.br\/estatistica\/wp-json\/wp\/v2\/posts"}],"about":[{"href":"https:\/\/departamentos.uel.br\/estatistica\/wp-json\/wp\/v2\/types\/post"}],"author":[{"embeddable":true,"href":"https:\/\/departamentos.uel.br\/estatistica\/wp-json\/wp\/v2\/users\/7"}],"replies":[{"embeddable":true,"href":"https:\/\/departamentos.uel.br\/estatistica\/wp-json\/wp\/v2\/comments?post=273"}],"version-history":[{"count":1,"href":"https:\/\/departamentos.uel.br\/estatistica\/wp-json\/wp\/v2\/posts\/273\/revisions"}],"predecessor-version":[{"id":274,"href":"https:\/\/departamentos.uel.br\/estatistica\/wp-json\/wp\/v2\/posts\/273\/revisions\/274"}],"wp:featuredmedia":[{"embeddable":true,"href":"https:\/\/departamentos.uel.br\/estatistica\/wp-json\/wp\/v2\/media\/275"}],"wp:attachment":[{"href":"https:\/\/departamentos.uel.br\/estatistica\/wp-json\/wp\/v2\/media?parent=273"}],"wp:term":[{"taxonomy":"category","embeddable":true,"href":"https:\/\/departamentos.uel.br\/estatistica\/wp-json\/wp\/v2\/categories?post=273"},{"taxonomy":"post_tag","embeddable":true,"href":"https:\/\/departamentos.uel.br\/estatistica\/wp-json\/wp\/v2\/tags?post=273"}],"curies":[{"name":"wp","href":"https:\/\/api.w.org\/{rel}","templated":true}]}}