{"id":550,"date":"2025-02-26T15:33:06","date_gmt":"2025-02-26T18:33:06","guid":{"rendered":"https:\/\/departamentos.uel.br\/enfermagem\/?p=550"},"modified":"2025-02-26T15:54:42","modified_gmt":"2025-02-26T18:54:42","slug":"divulgacao-de-edital-de-abertura-pss","status":"publish","type":"post","link":"https:\/\/departamentos.uel.br\/enfermagem\/editais\/2025\/02\/26\/divulgacao-de-edital-de-abertura-pss\/","title":{"rendered":"Divulga\u00e7\u00e3o de Edital de abertura-PSS"},"content":{"rendered":"\n<p class=\"has-text-align-center\">O <strong><u>Edital\u00a0PRORH n\u00ba 040\/2025 de 25\/02\/2025<\/u>, instituiu a\u00a0abertura\u00a0do Processo Seletivo Simplificado-PSS\u00a0para o Cargo de Agente Universit\u00e1rio de Execu\u00e7\u00e3o na Fun\u00e7\u00e3o de\u00a0<u>T\u00e9cnico em Laborat\u00f3rio\/Enfermagem<\/u>.<\/strong><\/p>\n\n\n\n<p class=\"has-text-align-center\">P<strong>er\u00edodo das inscri\u00e7\u00f5es ser\u00e1 de 27<\/strong><strong>&nbsp;de fevereiro de 2025 at\u00e9 as 18h do dia 20 de mar\u00e7o de 2025,&nbsp;<u>somente via Internet<\/u>, sen<\/strong><strong>do o dia 21\/03\/2025 o \u00faltimo dia para recolhimento da taxa<\/strong>, no sistema COPS em parceria com a PRORH.<\/p>\n\n\n\n<div class=\"wp-block-columns is-layout-flex wp-container-core-columns-is-layout-9d6595d7 wp-block-columns-is-layout-flex\">\n<div class=\"wp-block-column is-layout-flow wp-block-column-is-layout-flow\">\n<div data-wp-interactive=\"core\/file\" class=\"wp-block-file aligncenter\"><object data-wp-bind--hidden=\"!state.hasPdfPreview\" hidden class=\"wp-block-file__embed\" data=\"https:\/\/departamentos.uel.br\/enfermagem\/wp-content\/uploads\/2025\/02\/371_371_Ed_040_2025.pdf\" type=\"application\/pdf\" style=\"width:100%;height:520px\" aria-label=\"Incorporado de 371_371_Ed_040_2025.\"><\/object><a id=\"wp-block-file--media-25f87a94-597d-4386-b19f-4fd6de986bf7\" href=\"https:\/\/departamentos.uel.br\/enfermagem\/wp-content\/uploads\/2025\/02\/371_371_Ed_040_2025.pdf\">371_371_Ed_040_2025<\/a><a href=\"https:\/\/departamentos.uel.br\/enfermagem\/wp-content\/uploads\/2025\/02\/371_371_Ed_040_2025.pdf\" class=\"wp-block-file__button wp-element-button\" download aria-describedby=\"wp-block-file--media-25f87a94-597d-4386-b19f-4fd6de986bf7\">Baixar<\/a><\/div>\n\n\n\n<p class=\"has-text-align-left\">&nbsp;<\/p>\n<\/div>\n<\/div>\n\n\n\n<div class=\"wp-block-columns is-layout-flex wp-container-core-columns-is-layout-9d6595d7 wp-block-columns-is-layout-flex\">\n<div class=\"wp-block-column is-layout-flow wp-block-column-is-layout-flow\"><\/div>\n\n\n\n<div class=\"wp-block-column is-layout-flow wp-block-column-is-layout-flow\"><\/div>\n<\/div>\n","protected":false},"excerpt":{"rendered":"<p>O Edital\u00a0PRORH n\u00ba 040\/2025 de 25\/02\/2025, instituiu a\u00a0abertura\u00a0do Processo Seletivo Simplificado-PSS\u00a0para o Cargo de Agente Universit\u00e1rio de Execu\u00e7\u00e3o na Fun\u00e7\u00e3o de\u00a0T\u00e9cnico em Laborat\u00f3rio\/Enfermagem. Per\u00edodo das inscri\u00e7\u00f5es ser\u00e1 de 27&nbsp;de fevereiro de 2025 at\u00e9 as 18h do dia 20 de mar\u00e7o de 2025,&nbsp;somente via Internet, sendo o dia 21\/03\/2025 o \u00faltimo dia para recolhimento da taxa, [&hellip;]<\/p>\n","protected":false},"author":9,"featured_media":0,"comment_status":"open","ping_status":"open","sticky":false,"template":"","format":"standard","meta":{"_acf_changed":false,"_themeisle_gutenberg_block_has_review":false,"footnotes":""},"categories":[5],"tags":[],"class_list":["post-550","post","type-post","status-publish","format-standard","hentry","category-editais"],"acf":[],"_links":{"self":[{"href":"https:\/\/departamentos.uel.br\/enfermagem\/wp-json\/wp\/v2\/posts\/550","targetHints":{"allow":["GET"]}}],"collection":[{"href":"https:\/\/departamentos.uel.br\/enfermagem\/wp-json\/wp\/v2\/posts"}],"about":[{"href":"https:\/\/departamentos.uel.br\/enfermagem\/wp-json\/wp\/v2\/types\/post"}],"author":[{"embeddable":true,"href":"https:\/\/departamentos.uel.br\/enfermagem\/wp-json\/wp\/v2\/users\/9"}],"replies":[{"embeddable":true,"href":"https:\/\/departamentos.uel.br\/enfermagem\/wp-json\/wp\/v2\/comments?post=550"}],"version-history":[{"count":4,"href":"https:\/\/departamentos.uel.br\/enfermagem\/wp-json\/wp\/v2\/posts\/550\/revisions"}],"predecessor-version":[{"id":558,"href":"https:\/\/departamentos.uel.br\/enfermagem\/wp-json\/wp\/v2\/posts\/550\/revisions\/558"}],"wp:attachment":[{"href":"https:\/\/departamentos.uel.br\/enfermagem\/wp-json\/wp\/v2\/media?parent=550"}],"wp:term":[{"taxonomy":"category","embeddable":true,"href":"https:\/\/departamentos.uel.br\/enfermagem\/wp-json\/wp\/v2\/categories?post=550"},{"taxonomy":"post_tag","embeddable":true,"href":"https:\/\/departamentos.uel.br\/enfermagem\/wp-json\/wp\/v2\/tags?post=550"}],"curies":[{"name":"wp","href":"https:\/\/api.w.org\/{rel}","templated":true}]}}