{"id":254,"date":"2025-09-29T09:03:20","date_gmt":"2025-09-29T12:03:20","guid":{"rendered":"https:\/\/departamentos.uel.br\/educacao-fisica\/?p=254"},"modified":"2025-09-29T09:54:23","modified_gmt":"2025-09-29T12:54:23","slug":"mesa-redonda-praticas-exitosas-de-atividade-fisica-no-sus-caminhos-percorridos-e-perspectivas","status":"publish","type":"post","link":"https:\/\/departamentos.uel.br\/educacao-fisica\/eventos\/2025\/09\/29\/mesa-redonda-praticas-exitosas-de-atividade-fisica-no-sus-caminhos-percorridos-e-perspectivas\/","title":{"rendered":"MESA REDONDA &#8211; Pr\u00e1ticas exitosas de atividade f\u00edsica no SUS: Caminhos percorridos e perspectivas"},"content":{"rendered":"\n<figure class=\"wp-block-image size-large\"><img loading=\"lazy\" decoding=\"async\" width=\"1024\" height=\"1024\" src=\"https:\/\/departamentos.uel.br\/educacao-fisica\/wp-content\/uploads\/2025\/09\/Mesas-Redonda-Praticas-Exitosas-1-1024x1024.jpg\" alt=\"\" class=\"wp-image-256\" srcset=\"https:\/\/departamentos.uel.br\/educacao-fisica\/wp-content\/uploads\/2025\/09\/Mesas-Redonda-Praticas-Exitosas-1-1024x1024.jpg 1024w, https:\/\/departamentos.uel.br\/educacao-fisica\/wp-content\/uploads\/2025\/09\/Mesas-Redonda-Praticas-Exitosas-1-300x300.jpg 300w, https:\/\/departamentos.uel.br\/educacao-fisica\/wp-content\/uploads\/2025\/09\/Mesas-Redonda-Praticas-Exitosas-1-150x150.jpg 150w, https:\/\/departamentos.uel.br\/educacao-fisica\/wp-content\/uploads\/2025\/09\/Mesas-Redonda-Praticas-Exitosas-1-768x768.jpg 768w, https:\/\/departamentos.uel.br\/educacao-fisica\/wp-content\/uploads\/2025\/09\/Mesas-Redonda-Praticas-Exitosas-1.jpg 1080w\" sizes=\"auto, (max-width: 1024px) 100vw, 1024px\" \/><\/figure>\n\n\n\n<p><br><strong>Local:<\/strong> YouTube \u2013 Departamento de Educa\u00e7\u00e3o F\u00edsica UEL<br>\ud83d\udd17 <a href=\"https:\/\/www.youtube.com\/@Departamento.Educa%C3%A7%C3%A3oF%C3%ADsica\">https:\/\/www.youtube.com\/@Departamento.Educa\u00e7\u00e3oF\u00edsica<\/a><\/p>\n\n\n\n<ul class=\"wp-block-list\">\n<li><strong>Inscri\u00e7\u00f5es:<\/strong> <a href=\"http:\/\/www.uel.br\/eventos\/sigec\/?id=11269\" target=\"_blank\" rel=\"noreferrer noopener\">http:\/\/www.uel.br\/eventos\/sigec\/?id=11269<\/a><br><\/li>\n\n\n\n<li>\u2705 A mesa-redonda discutir\u00e1 a Implementa\u00e7\u00e3o das Recomenda\u00e7\u00f5es para o Desenvolvimento de Pr\u00e1ticas Exitosas de Atividade F\u00edsica em diferentes contextos da Aten\u00e7\u00e3o Prim\u00e1ria\u00a0\u00e0\u00a0Sa\u00fade; e a Elabora\u00e7\u00e3o das recomenda\u00e7\u00f5es e uso do aplicativo para identifica\u00e7\u00e3o de pr\u00e1ticas exitosas de Atividade F\u00edsica.<\/li>\n<\/ul>\n\n\n\n<p><\/p>\n","protected":false},"excerpt":{"rendered":"<p>Local: YouTube \u2013 Departamento de Educa\u00e7\u00e3o F\u00edsica UEL\ud83d\udd17 https:\/\/www.youtube.com\/@Departamento.Educa\u00e7\u00e3oF\u00edsica<\/p>\n","protected":false},"author":8,"featured_media":258,"comment_status":"open","ping_status":"open","sticky":false,"template":"","format":"standard","meta":{"_acf_changed":false,"_themeisle_gutenberg_block_has_review":false,"footnotes":""},"categories":[4],"tags":[],"class_list":["post-254","post","type-post","status-publish","format-standard","has-post-thumbnail","hentry","category-eventos"],"acf":[],"_links":{"self":[{"href":"https:\/\/departamentos.uel.br\/educacao-fisica\/wp-json\/wp\/v2\/posts\/254","targetHints":{"allow":["GET"]}}],"collection":[{"href":"https:\/\/departamentos.uel.br\/educacao-fisica\/wp-json\/wp\/v2\/posts"}],"about":[{"href":"https:\/\/departamentos.uel.br\/educacao-fisica\/wp-json\/wp\/v2\/types\/post"}],"author":[{"embeddable":true,"href":"https:\/\/departamentos.uel.br\/educacao-fisica\/wp-json\/wp\/v2\/users\/8"}],"replies":[{"embeddable":true,"href":"https:\/\/departamentos.uel.br\/educacao-fisica\/wp-json\/wp\/v2\/comments?post=254"}],"version-history":[{"count":4,"href":"https:\/\/departamentos.uel.br\/educacao-fisica\/wp-json\/wp\/v2\/posts\/254\/revisions"}],"predecessor-version":[{"id":266,"href":"https:\/\/departamentos.uel.br\/educacao-fisica\/wp-json\/wp\/v2\/posts\/254\/revisions\/266"}],"wp:featuredmedia":[{"embeddable":true,"href":"https:\/\/departamentos.uel.br\/educacao-fisica\/wp-json\/wp\/v2\/media\/258"}],"wp:attachment":[{"href":"https:\/\/departamentos.uel.br\/educacao-fisica\/wp-json\/wp\/v2\/media?parent=254"}],"wp:term":[{"taxonomy":"category","embeddable":true,"href":"https:\/\/departamentos.uel.br\/educacao-fisica\/wp-json\/wp\/v2\/categories?post=254"},{"taxonomy":"post_tag","embeddable":true,"href":"https:\/\/departamentos.uel.br\/educacao-fisica\/wp-json\/wp\/v2\/tags?post=254"}],"curies":[{"name":"wp","href":"https:\/\/api.w.org\/{rel}","templated":true}]}}