{"id":241,"date":"2025-08-01T12:31:31","date_gmt":"2025-08-01T15:31:31","guid":{"rendered":"https:\/\/departamentos.uel.br\/educacao-fisica\/?p=241"},"modified":"2025-08-01T12:42:18","modified_gmt":"2025-08-01T15:42:18","slug":"palestra-a-sociedade-brasileira-de-atividade-fisica-e-o-futuro-da-atividade-fisica","status":"publish","type":"post","link":"https:\/\/departamentos.uel.br\/educacao-fisica\/sem-categoria\/2025\/08\/01\/palestra-a-sociedade-brasileira-de-atividade-fisica-e-o-futuro-da-atividade-fisica\/","title":{"rendered":"PALESTRA: A SOCIEDADE BRASILEIRA DE ATIVIDADE F\u00cdSICA E O FUTURO DA ATIVIDADE F\u00cdSICA"},"content":{"rendered":"\n<div class=\"wp-block-columns is-layout-flex wp-container-core-columns-is-layout-9d6595d7 wp-block-columns-is-layout-flex\">\n<div class=\"wp-block-column is-layout-flow wp-block-column-is-layout-flow\" style=\"flex-basis:33.33%\"><div class=\"wp-block-image\">\n<figure class=\"aligncenter size-large\"><img decoding=\"async\" src=\"https:\/\/departamentos.uel.br\/educacao-fisica\/wp-content\/uploads\/2025\/08\/image-819x1024.png\" alt=\"\" class=\"wp-image-242\" \/><\/figure>\n<\/div><\/div>\n\n\n\n<div class=\"wp-block-column is-layout-flow wp-block-column-is-layout-flow\" style=\"flex-basis:66.66%\">\n<p>A p\u00f3s-gradua\u00e7\u00e3o em <strong>Atividade F\u00edsica e Sa\u00fade: da Aten\u00e7\u00e3o Prim\u00e1ria ao Atendimento Hospitalar<\/strong> convida alunos, docentes e pesquisadores da \u00e1rea para a <strong>aula magna<\/strong> com a presidente da Sociedade Brasileira de Atividade F\u00edsica e Sa\u00fade (SBAFS), Dr<sup>a<\/sup> Christianne de Faria Coelho Ravagnani.<\/p>\n\n\n\n<p>Durante a palestra ser\u00e3o apresentados os desafios para o setor, a\u00e7\u00f5es estrat\u00e9gicas para a promo\u00e7\u00e3o da sa\u00fade e o fortalecimento da atua\u00e7\u00e3o multiprofissional.<\/p>\n\n\n\n<p>A palestra <strong>online<\/strong> marcada para o dia <strong>12\/08<\/strong>, \u00e0s <strong>19 horas<\/strong>, ser\u00e1 transmitida ao vivo pelo <strong>Youtube<\/strong>, no canal do Departamento de Educa\u00e7\u00e3o F\u00edsica da UEL.<br>Acesse: <strong>https:\/\/www.youtube.com\/@Departamento.EducacaoFisica<\/strong> <a href=\"https:\/\/www.youtube.com\/@Departamento.EducacaoFisica\">LINK<\/a><\/p>\n\n\n\n<p>Inscri\u00e7\u00e3o <strong>GRATUITA<\/strong>, com emiss\u00e3o de <strong>certificado<\/strong> <a href=\"https:\/\/www.sistemasweb.uel.br\/index.php?contents=system\/insc\/index.php&amp;pagina=view\/inscricoes\/seleciona_evento.php&amp;cod_evento=11028\" data-type=\"link\" data-id=\"https:\/\/www.sistemasweb.uel.br\/index.php?contents=system\/insc\/index.php&amp;pagina=view\/inscricoes\/seleciona_evento.php&amp;cod_evento=11028\">LINK<\/a><\/p>\n<\/div>\n<\/div>\n","protected":false},"excerpt":{"rendered":"<p>A p\u00f3s-gradua\u00e7\u00e3o em Atividade F\u00edsica e Sa\u00fade: da Aten\u00e7\u00e3o Prim\u00e1ria ao Atendimento Hospitalar convida alunos, docentes e pesquisadores da \u00e1rea para a aula magna com a presidente da Sociedade Brasileira de Atividade F\u00edsica e Sa\u00fade (SBAFS), Dra Christianne de Faria Coelho Ravagnani. Durante a palestra ser\u00e3o apresentados os desafios para o setor, a\u00e7\u00f5es estrat\u00e9gicas para [&hellip;]<\/p>\n","protected":false},"author":8,"featured_media":242,"comment_status":"open","ping_status":"open","sticky":false,"template":"","format":"standard","meta":{"_acf_changed":false,"_themeisle_gutenberg_block_has_review":false,"footnotes":""},"categories":[4,1],"tags":[],"class_list":["post-241","post","type-post","status-publish","format-standard","has-post-thumbnail","hentry","category-eventos","category-sem-categoria"],"acf":[],"_links":{"self":[{"href":"https:\/\/departamentos.uel.br\/educacao-fisica\/wp-json\/wp\/v2\/posts\/241","targetHints":{"allow":["GET"]}}],"collection":[{"href":"https:\/\/departamentos.uel.br\/educacao-fisica\/wp-json\/wp\/v2\/posts"}],"about":[{"href":"https:\/\/departamentos.uel.br\/educacao-fisica\/wp-json\/wp\/v2\/types\/post"}],"author":[{"embeddable":true,"href":"https:\/\/departamentos.uel.br\/educacao-fisica\/wp-json\/wp\/v2\/users\/8"}],"replies":[{"embeddable":true,"href":"https:\/\/departamentos.uel.br\/educacao-fisica\/wp-json\/wp\/v2\/comments?post=241"}],"version-history":[{"count":3,"href":"https:\/\/departamentos.uel.br\/educacao-fisica\/wp-json\/wp\/v2\/posts\/241\/revisions"}],"predecessor-version":[{"id":248,"href":"https:\/\/departamentos.uel.br\/educacao-fisica\/wp-json\/wp\/v2\/posts\/241\/revisions\/248"}],"wp:featuredmedia":[{"embeddable":true,"href":"https:\/\/departamentos.uel.br\/educacao-fisica\/wp-json\/wp\/v2\/media\/242"}],"wp:attachment":[{"href":"https:\/\/departamentos.uel.br\/educacao-fisica\/wp-json\/wp\/v2\/media?parent=241"}],"wp:term":[{"taxonomy":"category","embeddable":true,"href":"https:\/\/departamentos.uel.br\/educacao-fisica\/wp-json\/wp\/v2\/categories?post=241"},{"taxonomy":"post_tag","embeddable":true,"href":"https:\/\/departamentos.uel.br\/educacao-fisica\/wp-json\/wp\/v2\/tags?post=241"}],"curies":[{"name":"wp","href":"https:\/\/api.w.org\/{rel}","templated":true}]}}