{"id":80,"date":"2024-10-25T14:24:03","date_gmt":"2024-10-25T17:24:03","guid":{"rendered":"https:\/\/departamentos.uel.br\/economia\/?p=80"},"modified":"2024-10-25T14:25:20","modified_gmt":"2024-10-25T17:25:20","slug":"forum-de-discussao-em-problemas-economicos-inicia-nesta-quarta-20","status":"publish","type":"post","link":"https:\/\/departamentos.uel.br\/economia\/sem-categoria\/2024\/10\/25\/forum-de-discussao-em-problemas-economicos-inicia-nesta-quarta-20\/","title":{"rendered":"F\u00f3rum de Discuss\u00e3o em Problemas Econ\u00f4micos inicia nesta quarta (20)"},"content":{"rendered":"\n<p>O F\u00f3rum de Discuss\u00e3o em Problemas Econ\u00f4micos, realizado pelo curso de Ci\u00eancias Econ\u00f4micas da UEL, come\u00e7a nesta quarta (20) e se estende at\u00e9 o dia 25 de outubro. O evento ser\u00e1 realizado na Sala 472 do Centro de Estudos Sociais Aplicados (Cesa) e tem como principal objetivo aplicar conceitos aprendidos e desenvolvidos em salas de aula, al\u00e9m de proporcionar aos alunos a oportunidade de refletir e discutir estrat\u00e9gias de resolu\u00e7\u00e3o de problemas atrav\u00e9s da escrita e do trabalho em equipe.&nbsp;<\/p>\n\n\n\n<p>O evento enfatiza a import\u00e2ncia da colabora\u00e7\u00e3o e da capacidade de apresentar ideias de forma eficaz, construindo pol\u00edticas e experi\u00eancias entre os estudantes. As inscri\u00e7\u00f5es ainda podem ser feitas at\u00e9 esta quarta, na&nbsp;<a href=\"https:\/\/www.sistemasweb.uel.br\/index.php?contents=system\/insc\/index.php&amp;pagina=view\/inscricoes\/seleciona_evento.php&amp;cod_evento=8538\" target=\"_blank\" rel=\"noreferrer noopener\">p\u00e1gina de Eventos da UEL<\/a>, e s\u00e3o gratuitas.<\/p>\n","protected":false},"excerpt":{"rendered":"<p>O F\u00f3rum de Discuss\u00e3o em Problemas Econ\u00f4micos, realizado pelo curso de Ci\u00eancias Econ\u00f4micas da UEL, come\u00e7a nesta quarta (20) e se estende at\u00e9 o dia 25 de outubro. O evento ser\u00e1 realizado na Sala 472 do Centro de Estudos Sociais Aplicados (Cesa) e tem como principal objetivo aplicar conceitos aprendidos e desenvolvidos em salas de [&hellip;]<\/p>\n","protected":false},"author":6,"featured_media":82,"comment_status":"open","ping_status":"open","sticky":false,"template":"","format":"standard","meta":{"_acf_changed":false,"_themeisle_gutenberg_block_has_review":false,"footnotes":""},"categories":[1],"tags":[],"class_list":["post-80","post","type-post","status-publish","format-standard","has-post-thumbnail","hentry","category-sem-categoria"],"acf":[],"_links":{"self":[{"href":"https:\/\/departamentos.uel.br\/economia\/wp-json\/wp\/v2\/posts\/80"}],"collection":[{"href":"https:\/\/departamentos.uel.br\/economia\/wp-json\/wp\/v2\/posts"}],"about":[{"href":"https:\/\/departamentos.uel.br\/economia\/wp-json\/wp\/v2\/types\/post"}],"author":[{"embeddable":true,"href":"https:\/\/departamentos.uel.br\/economia\/wp-json\/wp\/v2\/users\/6"}],"replies":[{"embeddable":true,"href":"https:\/\/departamentos.uel.br\/economia\/wp-json\/wp\/v2\/comments?post=80"}],"version-history":[{"count":1,"href":"https:\/\/departamentos.uel.br\/economia\/wp-json\/wp\/v2\/posts\/80\/revisions"}],"predecessor-version":[{"id":81,"href":"https:\/\/departamentos.uel.br\/economia\/wp-json\/wp\/v2\/posts\/80\/revisions\/81"}],"wp:featuredmedia":[{"embeddable":true,"href":"https:\/\/departamentos.uel.br\/economia\/wp-json\/wp\/v2\/media\/82"}],"wp:attachment":[{"href":"https:\/\/departamentos.uel.br\/economia\/wp-json\/wp\/v2\/media?parent=80"}],"wp:term":[{"taxonomy":"category","embeddable":true,"href":"https:\/\/departamentos.uel.br\/economia\/wp-json\/wp\/v2\/categories?post=80"},{"taxonomy":"post_tag","embeddable":true,"href":"https:\/\/departamentos.uel.br\/economia\/wp-json\/wp\/v2\/tags?post=80"}],"curies":[{"name":"wp","href":"https:\/\/api.w.org\/{rel}","templated":true}]}}