{"id":224,"date":"2024-11-27T14:31:34","date_gmt":"2024-11-27T17:31:34","guid":{"rendered":"https:\/\/departamentos.uel.br\/construcao-civil\/?p=224"},"modified":"2024-11-27T14:33:10","modified_gmt":"2024-11-27T17:33:10","slug":"teses-de-doutorado-defendidas-na-uel-sao-destaque-no-premio-capes-2024","status":"publish","type":"post","link":"https:\/\/departamentos.uel.br\/construcao-civil\/sem-categoria\/2024\/11\/27\/teses-de-doutorado-defendidas-na-uel-sao-destaque-no-premio-capes-2024\/","title":{"rendered":"Teses de Doutorado defendidas na UEL s\u00e3o destaque no Pr\u00eamio Capes 2024"},"content":{"rendered":"\n<p>A Universidade Estadual de Londrina celebra o excelente resultado dos seus docentes e alunos de p\u00f3s-gradua\u00e7\u00e3o no&nbsp;<a href=\"https:\/\/www.gov.br\/capes\/pt-br\/assuntos\/premios\/premio-capes-de-tese\/teses-premiadas\/teses-premiadas-em-2024\">Pr\u00eamio Capes de Teses 2024<\/a>. Neste ano, duas teses de conclus\u00e3o de Doutorado&nbsp;orientadas na UEL receberam men\u00e7\u00f5es honrosas por sua&nbsp;originalidade e relev\u00e2ncia para o desenvolvimento cient\u00edfico, e reafirmam o papel da UEL como institui\u00e7\u00e3o de excel\u00eancia na pesquisa e na p\u00f3s-gradua\u00e7\u00e3o para o Pa\u00eds.&nbsp;Os dois trabalhos foram desenvolvidos em Programas de P\u00f3s-gradua\u00e7\u00e3o sediados nos Centros de Educa\u00e7\u00e3o F\u00edsica e Esportes (<a href=\"https:\/\/sites.uel.br\/cefe\/\">Cefe<\/a>) e Tecnologia e Urbanismo (<a href=\"https:\/\/sites.uel.br\/ctu\/\">CTU<\/a>), e poder\u00e3o embasar estrat\u00e9gias para novos tratamentos de sa\u00fade.<\/p>\n\n\n\n<p>Na edi\u00e7\u00e3o de 2024 do Pr\u00eamio Capes de Teses, mais de 1,6 mil doutores submeteram suas publica\u00e7\u00f5es. Do total,&nbsp;49 foram premiadas \u2013 uma em cada categoria do pr\u00eamio \u2013 e 97 receberam men\u00e7\u00f5es honrosas. A lista completa pode ser conferida<a href=\"https:\/\/www.gov.br\/capes\/pt-br\/assuntos\/premios\/premio-capes-de-tese\/teses-premiadas\/teses-premiadas-em-2024\">&nbsp;neste endere\u00e7o<\/a>.&nbsp;&nbsp;<\/p>\n\n\n\n<p>O Pr\u00eamio Capes de Teses foi entregue pela primeira vez em 2006 e aplaude os melhores trabalhos em todo o territ\u00f3rio nacional adotando os seguintes crit\u00e9rios:&nbsp;originalidade, relev\u00e2ncia para o desenvolvimento cient\u00edfico, tecnol\u00f3gico, cultural e social, metodologia utilizada, qualidade da reda\u00e7\u00e3o, organiza\u00e7\u00e3o do texto e qualidade e quantidade de publica\u00e7\u00f5es decorrentes da tese. Seu principal objetivo \u00e9&nbsp;aumentar a visibilidade das a\u00e7\u00f5es positivas e indutoras da Coordena\u00e7\u00e3o de Aperfei\u00e7oamento de Pessoal de N\u00edvel&nbsp;Superior (<a href=\"https:\/\/www.gov.br\/capes\/pt-br\">Capes<\/a>).&nbsp;<\/p>\n\n\n\n<p><strong>Fisioterapia&nbsp;<\/strong><\/p>\n\n\n\n<p>De autoria do professor&nbsp;Alexandre Roberto Marcondes Pelegrinelli, da \u00e1rea de Fisioterapia, uma das teses foi defendida com o t\u00edtulo \u201cFor\u00e7as de Contato no Joelho e An\u00e1lise da Demanda Muscular Durante Atividades Funcionais em Pacientes com Osteoartrite de Joelho: an\u00e1lises com modelo musculoesquel\u00e9tico\u201d. O estudo foi orientado pelo docente do&nbsp;<a href=\"https:\/\/sites.uel.br\/cefe\/des-ciencia-dos-esporte\/\">Departamento de Ci\u00eancias dos Esportes da UEL<\/a>,&nbsp;Felipe Arruda Moura e parte da pesquisa foi produzida na Universidade Ottawa, capital do Canad\u00e1, com a supervis\u00e3o do professor Mario Lamontagne. &nbsp;<\/p>\n\n\n\n<p>Atualmente coordenador do curso de Fisioterapia da Universidade Positivo em Londrina, Alexandre \u00e9 egresso do&nbsp;<a href=\"https:\/\/sites.uel.br\/ccs\/\">Centro de Ci\u00eancias da Sa\u00fade da UEL<\/a>&nbsp;e do Programa de P\u00f3s-gradua\u00e7\u00e3o em Educa\u00e7\u00e3o F\u00edsica UEL-UEM, onde j\u00e1 havia conclu\u00eddo o Mestrado.&nbsp;<\/p>\n\n\n\n<p>Sua tese de Doutorado objetiva analisar a intensidade, distribui\u00e7\u00e3o e altera\u00e7\u00f5es da for\u00e7a empregada sobre os joelhos por indiv\u00edduos afetados pela Osteoartrite (OA) em atividades como a caminhada, sentar e levantar. Para al\u00e9m disso, seu objetivo foi tamb\u00e9m desenvolver um modelo de predi\u00e7\u00e3o baseado em aprendizagem de m\u00e1quina para&nbsp;identificar as vari\u00e1veis cinem\u00e1ticas e cin\u00e9ticas mais relevantes e testar a capacidade de predizer os picos de for\u00e7a tibiofemoral.&nbsp;<\/p>\n\n\n\n<p>Neste sentido,&nbsp;Pelegrinelli desenvolveu tr\u00eas estudos principais de modo que a Osteoartrite apareceu como um objeto de an\u00e1lise em decorr\u00eancia da sua predomin\u00e2ncia&nbsp;na popula\u00e7\u00e3o. S\u00f3 para se ter uma ideia, 12% da popula\u00e7\u00e3o mundial poder\u00e1 desenvolver a doen\u00e7a, conhecida por causar o desgaste da cartilagem que reveste as articula\u00e7\u00f5es dos joelhos e a redu\u00e7\u00e3o da fun\u00e7\u00e3o e qualidade de vida dos pacientes, principalmente a partir dos 40 anos, com ainda mais gravidade em indiv\u00edduos obesos.&nbsp;\u201cMeu desejo era trabalhar com modelos de predi\u00e7\u00e3o e simula\u00e7\u00e3o do movimento humano, ent\u00e3o primeiro pensei no m\u00e9todo a ser proposto e depois na ideia de estudar a doen\u00e7a\u201d, conta.&nbsp;<\/p>\n\n\n\n<p>Os tr\u00eas estudos seguem uma sequ\u00eancia l\u00f3gica partindo do desenvolvimento de um modelo pr\u00f3prio para predizer a for\u00e7a de contato vertical no joelho e nos compartimentos medial e lateral da articula\u00e7\u00e3o. Para tal, Alexandre reuniu dados de outros modelos e utilizou um&nbsp;<em>software<\/em>&nbsp;relativamente novo \u2013&nbsp;de 2008 \u2013 que permite estimar&nbsp;as&nbsp;for\u00e7as internas do corpo. \u201cNormalmente, medimos a for\u00e7a que o nosso corpo coloca no ch\u00e3o por meio de um instrumento. Hoje em dia, com Intelig\u00eancia Artificial e m\u00e9todos de predi\u00e7\u00e3o, conseguimos estimar o quanto de for\u00e7a est\u00e1 incidindo sobre o joelho durante cada passo\u201d, exemplifica.&nbsp;<\/p>\n\n\n\n<p>J\u00e1 os objetivos dos dois estudos seguintes foram entender as altera\u00e7\u00f5es na for\u00e7a de contato e da demanda muscular durante a marcha, bem como em atividades b\u00e1sicas \u2013 levantar e sentar \u2013 respectivamente. Para isso, o pesquisador adotou o modelo musculoesquel\u00e9tico desenvolvido anteriormente, realizando uma compara\u00e7\u00e3o dos n\u00edveis de for\u00e7a entre indiv\u00edduos com e sem os sintomas, o chamado grupo controle.&nbsp;<\/p>\n\n\n\n<p>\u201cA artrose \u2013 nome popular da Osteoartrite \u2013 come\u00e7a na parte de dentro e medial do joelho e os estudos mostraram que as pessoas com osteoartrite deslocavam a for\u00e7a para a regi\u00e3o lateral do joelho, o que pode ocasionar novas les\u00f5es ou aprofundar as j\u00e1 existentes, uma vez que a lateral n\u00e3o est\u00e1 preparada para a carga. Percebemos uma tentativa de evitar ou minimizar a dor\u201d, menciona.&nbsp;<\/p>\n\n\n\n<p>Outra estrat\u00e9gia compensat\u00f3ria relatada na tese envolve impor maior carga sobre o membro n\u00e3o afetado pela Osteoartrite em compara\u00e7\u00e3o ao lesionado. \u201cA tend\u00eancia \u00e9 come\u00e7ar em um e evoluir para o outro membro. Em algumas pessoas n\u00e3o, mas grande parte dos indiv\u00edduos ir\u00e3o desenvolver OA no joelho saud\u00e1vel em at\u00e9 dois anos desde o aparecimento dos primeiros sintomas\u201d, explica.&nbsp;&nbsp;<\/p>\n\n\n\n<p>Embora os objetivos do estudo n\u00e3o tenham envolvido a apresenta\u00e7\u00e3o de um tratamento para a doen\u00e7a, o pesquisador aponta a necessidade de treinamento de for\u00e7a para a musculatura extensora e flexora do joelho como estrat\u00e9gia de prevenir o aparecimento dos sintomas graves. J\u00e1 na fase mais avan\u00e7ada, o acompanhamento com profissional fisioterapeuta se mostra&nbsp;fundamental.&nbsp;<\/p>\n\n\n\n<p>Questionado sobre quais aspectos da tese foram fundamentais para o bom resultado no pr\u00eamio, Alexandre cita aspectos envolvendo a metodologia, a relev\u00e2ncia da OA e sua pontua\u00e7\u00e3o com publica\u00e7\u00f5es pregressas. \u201cEstamos publicando os trabalhos em peri\u00f3dicos bons, e com premia\u00e7\u00f5es em congressos, ent\u00e3o acredito que esse m\u00e9rito impactou no resultado\u201d, comemora.&nbsp; &nbsp;<\/p>\n\n\n\n<p><strong>Bioengenharia<\/strong><\/p>\n\n\n\n<p>Em 2024, a Capes tamb\u00e9m fez men\u00e7\u00e3o honrosa \u00e0 tese de Doutorado cujo significado para o seu autor extrapola a mera busca por um&nbsp;novo t\u00edtulo&nbsp;acad\u00eamico e at\u00e9 traz um significado ainda maior \u00e0 paternidade.<\/p>\n\n\n\n<p>Engenheiro civil atuando no ramo imobili\u00e1rio, Paulo&nbsp;Cesar Duarte J\u00fanior decidiu iniciar as pesquisas na \u00e1rea de Engenharia Biom\u00e9dica com o objetivo de colaborar com a Cardiologia. Este redirecionamento foi impulsionado pelo diagn\u00f3stico de S\u00edndrome do Cora\u00e7\u00e3o Esquerdo Hipopl\u00e1sico (SCEH) em seu filho rec\u00e9m-nascido, ainda com 30 semanas de gesta\u00e7\u00e3o, em 2016. A hist\u00f3ria pessoal \u00e9 digna de um roteiro cinematogr\u00e1fico e&nbsp;<a href=\"https:\/\/operobal.uel.br\/ciencia\/2023\/06\/02\/engenheiro-desenvolve-metodologia-para-planejamento-cirurgico-de-cardiopatias-complexas\/\" target=\"_blank\" rel=\"noreferrer noopener\">foi contada pela primeira vez em junho de 2023, pela ag\u00eancia UEL.<\/a><\/p>\n\n\n\n<p>\u201cA motiva\u00e7\u00e3o foi a busca por uma solu\u00e7\u00e3o mais simples e eficaz para o tratamento da S\u00edndrome de Cora\u00e7\u00e3o Esquerdo Hipopl\u00e1sico (SCEH), reduzindo o tradicional tratamento estagiado de tr\u00eas cirurgias para apenas uma. Dedico este pr\u00eamio aos pais e \u00e0s crian\u00e7as que, infelizmente, n\u00e3o conseguiram receber o tratamento adequado. Meu objetivo de vida \u00e9 desenvolver m\u00e9todos, ferramentas e materiais que simplifiquem tratamentos m\u00e9dicos complexos, permitindo que um n\u00famero ainda maior de crian\u00e7as tenha acesso a cuidados mais eficientes e menos invasivos\u201d, diz o engenheiro.<\/p>\n\n\n\n<p>A refer\u00eancia ao custo dos tratamentos de alta complexidade \u00e9 feita com o conhecimento de quem precisou permanecer internado ao lado do filho, que tamb\u00e9m se chama Paulo, por quatro meses. O pequeno beb\u00ea de poucos meses de vida passou por quatro cirurgias, duas direcionadas ao tratamento da cardiopatia e duas para o correto reposicionamento do diafragma, no hospital Benefic\u00eancia Portuguesa, em S\u00e3o Paulo.\u00a0Os procedimentos \u2013 Cirurgia de Glenn e Cirurgia de Fontan \u2013 fazem parte de uma complexa estrat\u00e9gia e passaram a ser alvo das pesquisas na tese de doutorado, que foi orientada pelo\u00a0docente do\u00a0<a href=\"https:\/\/sites.uel.br\/dcci\/\">Departamento de Constru\u00e7\u00e3o Civil\u00a0<\/a>(CTU) e do<a href=\"https:\/\/www.uel.br\/pos\/enges\/\">\u00a0Programa de P\u00f3s-gradua\u00e7\u00e3o em Engenharia Civil da UEL<\/a>,\u00a0Hemerson Donizete Pinheiro e coorientado pelo docente da Universidade Federal de Minas Gerais, Rudolf Huebner.<\/p>\n\n\n\n<p>Defendida com o t\u00edtulo \u201cProposta de Planejamento Cir\u00fargico de Fontan baseado em Estudos Num\u00e9ricos&nbsp;e Hemodin\u00e2micos Tridimensionais\u201d, a tese traz uma metodologia in\u00e9dita que tem o&nbsp;objetivo de embasar&nbsp;novos tratamentos m\u00e9dicos e cir\u00fargicos. Esta metodologia&nbsp;considera o comportamento das estruturas do sistema cardiovascular (cora\u00e7\u00e3o e vasos sangu\u00edneos), adota uma modelagem num\u00e9rica do&nbsp;fluxo cardiovascular e realiza&nbsp;simula\u00e7\u00f5es computacionais.&nbsp;Outro objetivo fundamental foi desenvolver o arcabou\u00e7o te\u00f3rico para o surgimento de novas ferramentas, como dispositivos biom\u00e9dicos e&nbsp;tecnologias avan\u00e7adas em imagens m\u00e9dicas com capacidade de processamento computacional.&nbsp;<\/p>\n\n\n\n<p>Paulo acrescenta que a&nbsp;modelagem do fluxo cardiovascular opera com base em conhecimentos envolvidos na&nbsp;Din\u00e2mica de Fluidos Computacional (CFD), cujos conceitos, equa\u00e7\u00f5es alg\u00e9bricas e sistemas de equa\u00e7\u00f5es lineares tamb\u00e9m s\u00e3o aplicados \u00e0s ind\u00fastrias naval e&nbsp;aeron\u00e1utica.<\/p>\n\n\n\n<p><strong>Metodologia in\u00e9dita<\/strong><\/p>\n\n\n\n<p>Desta forma, por meio de uma perspectiva multidisciplinar e&nbsp;contando apenas com recursos pr\u00f3prios, que o engenheiro desenvolveu uma metodologia in\u00e9dita para o planejamento de cirurgias em pacientes com cardiopatia cong\u00eanita, doen\u00e7a que atinge dez a cada mil crian\u00e7as, sendo que 80% dos casos demandam procedimentos cir\u00fargicos para aumentar as chances dos pacientes.<\/p>\n\n\n\n<p>Com vistas para compartilhar esse conhecimento, a&nbsp;tese, que j\u00e1 se tornou livro, ainda traz tutoriais de todas as ferramentas utilizadas, boa not\u00edcia para cirurgi\u00f5es e engenheiros que desejam se apropriar do m\u00e9todo, al\u00e9m de experimentos virtuais.&nbsp;<\/p>\n\n\n\n<p>Questionado sobre quais aspectos acredita terem sido fundamentais para o bom desempenho no Pr\u00eamio Capes, ele cita o ineditismo do tema e a profundidade com que explorou os conhecimentos das \u00e1reas de F\u00edsica, Matem\u00e1tica e Biologia. \u201cA tese demonstrou robustez tanto na Medicina quanto na Engenharia. Ter meu trabalho reconhecido em uma \u00e1rea com poucas interse\u00e7\u00f5es foi uma conquista not\u00e1vel. O grande desafio, no entanto, foi alcan\u00e7ar um n\u00edvel adequado de entendimento em ambas as disciplinas. A for\u00e7a do projeto reside justamente na integra\u00e7\u00e3o bem-sucedida de dois campos t\u00e3o complexos, resultando em solu\u00e7\u00f5es s\u00f3lidas e inovadoras.\u201d avalia.&nbsp;<\/p>\n\n\n\n<p>Entretanto, para muito al\u00e9m da premia\u00e7\u00e3o, a perspectiva do engenheiro, que ainda atua como pesquisador de p\u00f3s doutorado do Instituto Dante Pazzanese de Cardiologia e docente convidado no PPG em Engenharia Civil da UEL,&nbsp;\u00e9 seguir colaborando com um grupo de estudos cujo foco \u00e9 desenvolver enxertos vasculares de tecidos de engenharia que poder\u00e3o provocar uma transforma\u00e7\u00e3o nos procedimentos cir\u00fargicos.<\/p>\n\n\n\n<p>Gra\u00e7as ao resultados alcan\u00e7ados, destaca o engenheiro, outros projetos colaborativos foram iniciados, posicionando a Universidade Estadual de Londrina ao lado de tradicionais institui\u00e7\u00f5es do Pa\u00eds na busca por solu\u00e7\u00f5es de alta complexidade. Este trabalho envolve a Universidade de S\u00e3o Paulo (USP) e as universidades federais de Santa Catarina (UFSC), Minas Gerais (UFMG) e Rio de Janeiro (UFRJ).<\/p>\n\n\n\n<p>\u201cEstamos trabalhando com uma equipe multidisciplinar composta por m\u00e9dicos, engenheiros qu\u00edmicos, de materiais e mec\u00e2nicos, al\u00e9m de pesquisadores da UEL como, Miriam Sumini (CCB), e os professores Alexandre Murakami (Departamento de Cl\u00ednica Cir\u00fargica), Caio Ab\u00e9rcio da Silva (Departamento de Zootecnia) e Guilherme Schiess Cardoso (Departamento de Cl\u00ednicas Veterin\u00e1rias)\u201d, adianta.<\/p>\n\n\n\n<p><\/p>\n","protected":false},"excerpt":{"rendered":"<p>A Universidade Estadual de Londrina celebra o excelente resultado dos seus docentes e alunos de p\u00f3s-gradua\u00e7\u00e3o no&nbsp;Pr\u00eamio Capes de Teses 2024. Neste ano, duas teses de conclus\u00e3o de Doutorado&nbsp;orientadas na UEL receberam men\u00e7\u00f5es honrosas por sua&nbsp;originalidade e relev\u00e2ncia para o desenvolvimento cient\u00edfico, e reafirmam o papel da UEL como institui\u00e7\u00e3o de excel\u00eancia na pesquisa e [&hellip;]<\/p>\n","protected":false},"author":10,"featured_media":226,"comment_status":"open","ping_status":"open","sticky":false,"template":"","format":"standard","meta":{"_acf_changed":false,"_themeisle_gutenberg_block_has_review":false,"footnotes":""},"categories":[1],"tags":[],"class_list":["post-224","post","type-post","status-publish","format-standard","has-post-thumbnail","hentry","category-sem-categoria"],"acf":[],"_links":{"self":[{"href":"https:\/\/departamentos.uel.br\/construcao-civil\/wp-json\/wp\/v2\/posts\/224","targetHints":{"allow":["GET"]}}],"collection":[{"href":"https:\/\/departamentos.uel.br\/construcao-civil\/wp-json\/wp\/v2\/posts"}],"about":[{"href":"https:\/\/departamentos.uel.br\/construcao-civil\/wp-json\/wp\/v2\/types\/post"}],"author":[{"embeddable":true,"href":"https:\/\/departamentos.uel.br\/construcao-civil\/wp-json\/wp\/v2\/users\/10"}],"replies":[{"embeddable":true,"href":"https:\/\/departamentos.uel.br\/construcao-civil\/wp-json\/wp\/v2\/comments?post=224"}],"version-history":[{"count":1,"href":"https:\/\/departamentos.uel.br\/construcao-civil\/wp-json\/wp\/v2\/posts\/224\/revisions"}],"predecessor-version":[{"id":225,"href":"https:\/\/departamentos.uel.br\/construcao-civil\/wp-json\/wp\/v2\/posts\/224\/revisions\/225"}],"wp:featuredmedia":[{"embeddable":true,"href":"https:\/\/departamentos.uel.br\/construcao-civil\/wp-json\/wp\/v2\/media\/226"}],"wp:attachment":[{"href":"https:\/\/departamentos.uel.br\/construcao-civil\/wp-json\/wp\/v2\/media?parent=224"}],"wp:term":[{"taxonomy":"category","embeddable":true,"href":"https:\/\/departamentos.uel.br\/construcao-civil\/wp-json\/wp\/v2\/categories?post=224"},{"taxonomy":"post_tag","embeddable":true,"href":"https:\/\/departamentos.uel.br\/construcao-civil\/wp-json\/wp\/v2\/tags?post=224"}],"curies":[{"name":"wp","href":"https:\/\/api.w.org\/{rel}","templated":true}]}}