{"id":55,"date":"2024-10-31T11:16:36","date_gmt":"2024-10-31T14:16:36","guid":{"rendered":"https:\/\/departamentos.uel.br\/comunicacao\/?p=55"},"modified":"2024-10-31T11:18:08","modified_gmt":"2024-10-31T14:18:08","slug":"dissertacao-sobre-imprensa-alternativa-e-feminismos-e-premiada-em-evento","status":"publish","type":"post","link":"https:\/\/departamentos.uel.br\/comunicacao\/sem-categoria\/2024\/10\/31\/dissertacao-sobre-imprensa-alternativa-e-feminismos-e-premiada-em-evento\/","title":{"rendered":"Disserta\u00e7\u00e3o sobre imprensa alternativa e feminismos \u00e9 premiada em evento"},"content":{"rendered":"\n<p>\u201cA apropria\u00e7\u00e3o da palavra escrita \u00e9 uma quest\u00e3o fundamental no processo de combate \u00e0 invisibilidade\u201d. Esta frase \u00e9 da pesquisadora Danyela Barros Santos Martins de Queiroz, do Programa de P\u00f3s-Gradua\u00e7\u00e3o em Comunica\u00e7\u00e3o (PPGCom) da UEL, que foi premiada com o terceiro lugar na categoria Mestrado Acad\u00eamico do Pr\u00eamio Intercom de Comunica\u00e7\u00e3o 2024. Ela concorreu com a disserta\u00e7\u00e3o intitulada \u201cFeminismos subalternizados e imprensa alternativa: encontros e disrupturas hegem\u00f4nicas\u201d. A orienta\u00e7\u00e3o foi do professor Reginaldo Moreira, do Departamento de Comunica\u00e7\u00e3o (Ceca).&nbsp;As premia\u00e7\u00f5es da Intercom s\u00e3o anuais e est\u00e3o divididas entre as categorias: Gradua\u00e7\u00e3o, Mestrado Acad\u00eamico, Mestrado Profissional e Doutorado.&nbsp;<\/p>\n\n\n\n<p>Danyela focou sua pesquisa em jornais que evidenciaram a vida e o cotidiano de mulheres negras, perif\u00e9ricas e de \u201csexualidades divergentes\u201d durante o per\u00edodo da Ditadura Militar no Brasil. S\u00e3o peri\u00f3dicos de resist\u00eancia que desafiavam a hegemonia da \u00e9poca, n\u00e3o s\u00f3 pol\u00edtica, mas tamb\u00e9m comportamental.<\/p>\n\n\n\n<p>Para isso, ela se debru\u00e7ou sobre dois peri\u00f3dicos alternativos que eram veiculados no per\u00edodo, os jornais \u201cNzinga\u201d e \u201cChana com Chana\u201d. De acordo com a pesquisadora, essas publica\u00e7\u00f5es n\u00e3o encontravam espa\u00e7o mesmo dentro do chamado \u201cfeminismo hegem\u00f4nico\u201d.<\/p>\n\n\n\n<p>Ela tamb\u00e9m conta que a inclina\u00e7\u00e3o para estudar o tema surgiu de uma inquieta\u00e7\u00e3o. \u201cAs pautas dos movimentos feministas me levam a pensar sobre todas a s ideias, modos de vida e desejos que tentam assentar sobre os nossos corpos\u201d, reflete.&nbsp;<\/p>\n\n\n\n<p>O orientador Reginaldo Moreira relata que ficou emocionado ao receber a not\u00edcia da coloca\u00e7\u00e3o de Danyela. Esta \u00e9 a sua primeira premia\u00e7\u00e3o enquanto orientador vinculado ao PPGCom. Ele relata que a premia\u00e7\u00e3o reconhece a metodologia empregada, denominada \u201cCartografia Sentimental\u201d. \u201cTer este trabalho reconhecido pela Intercom d\u00e1 credibilidade nesta (anti) metodologia que a gente vem desenvolvendo\u201d, conta.&nbsp;<\/p>\n\n\n\n<p>A entrega presencial do pr\u00eamio ser\u00e1 feita durante o 47\u00b0 Congresso Brasileiro de Comunica\u00e7\u00e3o, que ser\u00e1 realizado no m\u00eas de setembro no campus da Universidade do Vale do Itaja\u00ed, em Balne\u00e1rio Cambori\u00fa (SC).<\/p>\n","protected":false},"excerpt":{"rendered":"<p>\u201cA apropria\u00e7\u00e3o da palavra escrita \u00e9 uma quest\u00e3o fundamental no processo de combate \u00e0 invisibilidade\u201d. Esta frase \u00e9 da pesquisadora Danyela Barros Santos Martins de Queiroz, do Programa de P\u00f3s-Gradua\u00e7\u00e3o em Comunica\u00e7\u00e3o (PPGCom) da UEL, que foi premiada com o terceiro lugar na categoria Mestrado Acad\u00eamico do Pr\u00eamio Intercom de Comunica\u00e7\u00e3o 2024. Ela concorreu com [&hellip;]<\/p>\n","protected":false},"author":6,"featured_media":57,"comment_status":"open","ping_status":"open","sticky":false,"template":"","format":"standard","meta":{"_acf_changed":false,"_themeisle_gutenberg_block_has_review":false,"footnotes":""},"categories":[1],"tags":[],"class_list":["post-55","post","type-post","status-publish","format-standard","has-post-thumbnail","hentry","category-sem-categoria"],"acf":[],"_links":{"self":[{"href":"https:\/\/departamentos.uel.br\/comunicacao\/wp-json\/wp\/v2\/posts\/55","targetHints":{"allow":["GET"]}}],"collection":[{"href":"https:\/\/departamentos.uel.br\/comunicacao\/wp-json\/wp\/v2\/posts"}],"about":[{"href":"https:\/\/departamentos.uel.br\/comunicacao\/wp-json\/wp\/v2\/types\/post"}],"author":[{"embeddable":true,"href":"https:\/\/departamentos.uel.br\/comunicacao\/wp-json\/wp\/v2\/users\/6"}],"replies":[{"embeddable":true,"href":"https:\/\/departamentos.uel.br\/comunicacao\/wp-json\/wp\/v2\/comments?post=55"}],"version-history":[{"count":1,"href":"https:\/\/departamentos.uel.br\/comunicacao\/wp-json\/wp\/v2\/posts\/55\/revisions"}],"predecessor-version":[{"id":56,"href":"https:\/\/departamentos.uel.br\/comunicacao\/wp-json\/wp\/v2\/posts\/55\/revisions\/56"}],"wp:featuredmedia":[{"embeddable":true,"href":"https:\/\/departamentos.uel.br\/comunicacao\/wp-json\/wp\/v2\/media\/57"}],"wp:attachment":[{"href":"https:\/\/departamentos.uel.br\/comunicacao\/wp-json\/wp\/v2\/media?parent=55"}],"wp:term":[{"taxonomy":"category","embeddable":true,"href":"https:\/\/departamentos.uel.br\/comunicacao\/wp-json\/wp\/v2\/categories?post=55"},{"taxonomy":"post_tag","embeddable":true,"href":"https:\/\/departamentos.uel.br\/comunicacao\/wp-json\/wp\/v2\/tags?post=55"}],"curies":[{"name":"wp","href":"https:\/\/api.w.org\/{rel}","templated":true}]}}