{"id":307,"date":"2026-03-05T08:38:53","date_gmt":"2026-03-05T11:38:53","guid":{"rendered":"https:\/\/departamentos.uel.br\/computacao\/?p=307"},"modified":"2026-04-07T15:28:32","modified_gmt":"2026-04-07T18:28:32","slug":"edital-no-03-2026-do-departamento-de-computacao","status":"publish","type":"post","link":"https:\/\/departamentos.uel.br\/computacao\/editais\/2026\/03\/05\/edital-no-03-2026-do-departamento-de-computacao\/","title":{"rendered":"Edital n\u00ba 03\/2026 do Departamento de Computa\u00e7\u00e3o"},"content":{"rendered":"\n<p>Processo Seletivo para Coordenadoria do Curso de Especializa\u00e7\u00e3o, na modalidade a Dist\u00e2ncia (EaD) UEL\/CAPES-MEC\/UAB<\/p>\n\n\n\n<p>O Departamento de Computa\u00e7\u00e3o da Universidade Estadual de Londrina (UEL) torna p\u00fablico o\u00a0<a href=\"https:\/\/departamentos.uel.br\/computacao\/wp-content\/uploads\/2026\/03\/Edital_03.2026_Resultado_do_processo_de_selecao_recuperado_assinado.pdf\">Edital n\u00ba 003\/2026<\/a>, referente ao <strong>Resultado<\/strong> do processo seletivo para atuar como bolsista de <strong>Coordenadoria de Curso de Especializa\u00e7\u00e3o<\/strong>, na modalidade a Dist\u00e2ncia (EaD).<\/p>\n\n\n\n<p><\/p>\n","protected":false},"excerpt":{"rendered":"<p>Processo Seletivo para Coordenadoria do Curso de Especializa\u00e7\u00e3o, na modalidade a Dist\u00e2ncia (EaD) UEL\/CAPES-MEC\/UAB O Departamento de Computa\u00e7\u00e3o da Universidade Estadual de Londrina (UEL) torna p\u00fablico o\u00a0Edital n\u00ba 003\/2026, referente ao Resultado do processo seletivo para atuar como bolsista de Coordenadoria de Curso de Especializa\u00e7\u00e3o, na modalidade a Dist\u00e2ncia (EaD).<\/p>\n","protected":false},"author":12,"featured_media":0,"comment_status":"open","ping_status":"open","sticky":false,"template":"","format":"standard","meta":{"_acf_changed":false,"_themeisle_gutenberg_block_has_review":false,"footnotes":""},"categories":[4],"tags":[],"class_list":["post-307","post","type-post","status-publish","format-standard","hentry","category-editais"],"acf":[],"_links":{"self":[{"href":"https:\/\/departamentos.uel.br\/computacao\/wp-json\/wp\/v2\/posts\/307","targetHints":{"allow":["GET"]}}],"collection":[{"href":"https:\/\/departamentos.uel.br\/computacao\/wp-json\/wp\/v2\/posts"}],"about":[{"href":"https:\/\/departamentos.uel.br\/computacao\/wp-json\/wp\/v2\/types\/post"}],"author":[{"embeddable":true,"href":"https:\/\/departamentos.uel.br\/computacao\/wp-json\/wp\/v2\/users\/12"}],"replies":[{"embeddable":true,"href":"https:\/\/departamentos.uel.br\/computacao\/wp-json\/wp\/v2\/comments?post=307"}],"version-history":[{"count":1,"href":"https:\/\/departamentos.uel.br\/computacao\/wp-json\/wp\/v2\/posts\/307\/revisions"}],"predecessor-version":[{"id":308,"href":"https:\/\/departamentos.uel.br\/computacao\/wp-json\/wp\/v2\/posts\/307\/revisions\/308"}],"wp:attachment":[{"href":"https:\/\/departamentos.uel.br\/computacao\/wp-json\/wp\/v2\/media?parent=307"}],"wp:term":[{"taxonomy":"category","embeddable":true,"href":"https:\/\/departamentos.uel.br\/computacao\/wp-json\/wp\/v2\/categories?post=307"},{"taxonomy":"post_tag","embeddable":true,"href":"https:\/\/departamentos.uel.br\/computacao\/wp-json\/wp\/v2\/tags?post=307"}],"curies":[{"name":"wp","href":"https:\/\/api.w.org\/{rel}","templated":true}]}}