{"id":152,"date":"2024-09-02T15:02:18","date_gmt":"2024-09-02T18:02:18","guid":{"rendered":"https:\/\/departamentos.uel.br\/computacao\/?p=152"},"modified":"2026-04-07T15:29:26","modified_gmt":"2026-04-07T18:29:26","slug":"uel-recebe-comitiva-indiana-que-trara-supercomputador-para-londrina","status":"publish","type":"post","link":"https:\/\/departamentos.uel.br\/computacao\/noticias\/2024\/09\/02\/uel-recebe-comitiva-indiana-que-trara-supercomputador-para-londrina\/","title":{"rendered":"UEL recebe comitiva indiana que trar\u00e1 supercomputador para Londrina"},"content":{"rendered":"\n<p>A Universidade Estadual de Londrina recebeu, nesta quarta-feira (21), a visita de representantes do Centro de Desenvolvimento de Computa\u00e7\u00e3o Avan\u00e7ada (C-DAC), que est\u00e3o em Londrina para formalizar um acordo que trar\u00e1 um supercomputador e um centro de capacita\u00e7\u00e3o t\u00e9cnica na cidade. A a\u00e7\u00e3o,&nbsp;<a href=\"https:\/\/www.aen.pr.gov.br\/Noticia\/Parceria-com-India-Governo-quer-levar-supercomputadores-para-universidades-estaduais\" target=\"_blank\" rel=\"noreferrer noopener\">iniciada em abril deste ano pelo Governo do Estado<\/a>, \u00e9 uma parceria com a Funda\u00e7\u00e3o Arauc\u00e1ria (FA), Prefeitura Municipal de Londrina, Esta\u00e7\u00e3o 43, Sebrae, entre outras entidades.<\/p>\n\n\n\n<p>No Campus Universit\u00e1rio, a comitiva visitou o busto do l\u00edder religioso indiano Mahatma Gandhi, localizado na Pra\u00e7a do Restaurante Universit\u00e1rio (RU), juntamente com a assessora de Rela\u00e7\u00f5es Internacionais (ARI) da UEL, Viviane Baggio Furtuoso; o prefeito do Campus, Luiz Claudio Buzeti; o secret\u00e1rio estadual de Inova\u00e7\u00e3o, Alex Canziani; a assessora de rela\u00e7\u00f5es institucionais da Funda\u00e7\u00e3o Arauc\u00e1ria Cristianne Cordeiro do Nascimento, entre outros.<\/p>\n\n\n\n<p>A agenda de visita dos representantes indianos, nos dias 20 e 21, contou ainda com uma reuni\u00e3o do Ecossistema Esta\u00e7\u00e3o 43, no qual o assessor de Tecnologia da Informa\u00e7\u00e3o, Welligton Cardador, representou a reitora da UEL, Marta Favaro.<\/p>\n\n\n\n<p><\/p>\n","protected":false},"excerpt":{"rendered":"<p>A Universidade Estadual de Londrina recebeu, nesta quarta-feira (21), a visita de representantes do Centro de Desenvolvimento de Computa\u00e7\u00e3o Avan\u00e7ada (C-DAC), que est\u00e3o em Londrina para formalizar um acordo que trar\u00e1 um supercomputador e um centro de capacita\u00e7\u00e3o t\u00e9cnica na cidade. A a\u00e7\u00e3o,&nbsp;iniciada em abril deste ano pelo Governo do Estado, \u00e9 uma parceria com [&hellip;]<\/p>\n","protected":false},"author":6,"featured_media":151,"comment_status":"open","ping_status":"open","sticky":false,"template":"","format":"standard","meta":{"_acf_changed":false,"_themeisle_gutenberg_block_has_review":false,"footnotes":""},"categories":[5],"tags":[],"class_list":["post-152","post","type-post","status-publish","format-standard","has-post-thumbnail","hentry","category-noticias"],"acf":[],"_links":{"self":[{"href":"https:\/\/departamentos.uel.br\/computacao\/wp-json\/wp\/v2\/posts\/152","targetHints":{"allow":["GET"]}}],"collection":[{"href":"https:\/\/departamentos.uel.br\/computacao\/wp-json\/wp\/v2\/posts"}],"about":[{"href":"https:\/\/departamentos.uel.br\/computacao\/wp-json\/wp\/v2\/types\/post"}],"author":[{"embeddable":true,"href":"https:\/\/departamentos.uel.br\/computacao\/wp-json\/wp\/v2\/users\/6"}],"replies":[{"embeddable":true,"href":"https:\/\/departamentos.uel.br\/computacao\/wp-json\/wp\/v2\/comments?post=152"}],"version-history":[{"count":1,"href":"https:\/\/departamentos.uel.br\/computacao\/wp-json\/wp\/v2\/posts\/152\/revisions"}],"predecessor-version":[{"id":153,"href":"https:\/\/departamentos.uel.br\/computacao\/wp-json\/wp\/v2\/posts\/152\/revisions\/153"}],"wp:featuredmedia":[{"embeddable":true,"href":"https:\/\/departamentos.uel.br\/computacao\/wp-json\/wp\/v2\/media\/151"}],"wp:attachment":[{"href":"https:\/\/departamentos.uel.br\/computacao\/wp-json\/wp\/v2\/media?parent=152"}],"wp:term":[{"taxonomy":"category","embeddable":true,"href":"https:\/\/departamentos.uel.br\/computacao\/wp-json\/wp\/v2\/categories?post=152"},{"taxonomy":"post_tag","embeddable":true,"href":"https:\/\/departamentos.uel.br\/computacao\/wp-json\/wp\/v2\/tags?post=152"}],"curies":[{"name":"wp","href":"https:\/\/api.w.org\/{rel}","templated":true}]}}