{"id":98,"date":"2024-10-29T09:45:41","date_gmt":"2024-10-29T12:45:41","guid":{"rendered":"https:\/\/departamentos.uel.br\/clinicas-veterinarias\/?p=98"},"modified":"2024-10-29T09:51:22","modified_gmt":"2024-10-29T12:51:22","slug":"cuidado-com-o-gato","status":"publish","type":"post","link":"https:\/\/departamentos.uel.br\/clinicas-veterinarias\/sem-categoria\/2024\/10\/29\/cuidado-com-o-gato\/","title":{"rendered":"Cuidado com o gato!"},"content":{"rendered":"\n<p>O Departamento de Cl\u00ednicas Veterin\u00e1rias (CCA) da UEL possui um grupo de estudos voltado ao aperfei\u00e7oamento dos conhecimentos sobre um animal dom\u00e9stico que tamb\u00e9m pode ser considerado um dos melhores amigos do homem: o gato. Criado em fevereiro de 2021, o Grupo de Estudos em Felinos (Gefel) conta com mais de 100 alunos cadastrados, sendo um dos maiores da Universidade em n\u00famero de participantes.<\/p>\n\n\n\n<p>Numerosos, tamb\u00e9m, s\u00e3o os felinos nos lares brasileiros atualmente. Conforme o Instituto Brasileiro de Geografia e Estat\u00edstica (IBGE), cerca de 24 milh\u00f5es de gatos habitam as resid\u00eancias de todo o pa\u00eds, sendo muito dif\u00edcil nos dias de hoje n\u00e3o conhecermos ao menos uma fam\u00edlia que n\u00e3o conviva diariamente com as estripulias dos am\u00e1veis bichanos.<\/p>\n\n\n\n<p>Coordenadora do Gefel, a professora do Departamento de Cl\u00ednicas Veterin\u00e1rias Carmen&nbsp;Lucia&nbsp;Scortecci Hilst lembra que a popula\u00e7\u00e3o de gatos dom\u00e9sticos poder\u00e1 superar a de c\u00e3es em breve no Brasil, conforme apontam pesquisas encomendadas por grandes redes de pet shop, algumas com instala\u00e7\u00f5es em Londrina.<\/p>\n\n\n\n<p>De acordo com ela, o fen\u00f4meno encontra explica\u00e7\u00f5es em dois fatores complementares: a taxa de ocupa\u00e7\u00e3o das fam\u00edlias em apartamentos e o pr\u00f3prio comportamento dos felinos, mais independentes em compara\u00e7\u00e3o com os cachorros. \u201cComo a popula\u00e7\u00e3o est\u00e1 indo mais para os apartamentos h\u00e1 uma tend\u00eancia de isso acontecer e, normalmente, quem tem um gato acaba tendo mais de um tamb\u00e9m. Como o gato d\u00e1 menos trabalho em apartamentos ent\u00e3o isso \u00e9 uma tend\u00eancia, sim\u201d, comenta.<\/p>\n\n\n\n<p>Foi a partir do estreitamento da rela\u00e7\u00e3o entre humanos, gatos e o mercado que come\u00e7aram a surgir associa\u00e7\u00f5es de veterin\u00e1rios e eventos espec\u00edficos para o mundo dos felinos, at\u00e9 ent\u00e3o tratados pela Medicina Veterin\u00e1ria de forma mais ampla. A principal entidade atualmente \u00e9 a Academia Brasileira de Cl\u00ednicos de Felinos (ABFEL), \u201cque surge muito em fun\u00e7\u00e3o do trabalho da veterin\u00e1ria Helo\u00edsa Justen\u201d, acrescenta Hilst.&nbsp;<\/p>\n\n\n\n<p>Na UEL, o movimento dos orgulhosos estudantes \u201cgateiros\u201d se materializou com a cria\u00e7\u00e3o do Gefel, que nasceu com a procura de um pequeno grupo de alunas pelo apoio da professora.&nbsp;<\/p>\n\n\n\n<p>A ideia agradou bastante, conta Carmen, uma vez que a matriz curricular do curso ainda n\u00e3o aborda de forma espec\u00edfica os temas relacionados \u00e0 sa\u00fade e ao manejo dos felinos. Ao mesmo tempo, o objetivo do grupo \u00e9 tornar este conte\u00fado acess\u00edvel tamb\u00e9m aos alunos dos anos iniciais, aumentando o engajamento nas atividades, conclui.<\/p>\n\n\n\n<h2 class=\"wp-block-heading\"><strong>Organiza\u00e7\u00e3o<\/strong><\/h2>\n\n\n\n<p>Contando com um perfil no&nbsp;<a href=\"https:\/\/www.instagram.com\/gefeluel\/\" target=\"_blank\" rel=\"noreferrer noopener\">Instagram<\/a>&nbsp;para a divulga\u00e7\u00e3o de informa\u00e7\u00f5es e eventos, o Grupo vem promovendo aulas, minicursos e palestras online com profissionais formados pela UEL e por outras institui\u00e7\u00f5es do pa\u00eds.<\/p>\n\n\n\n<p>Os encontros s\u00e3o realizados a cada duas semanas de forma remota e a ampla maioria dos temas tem rela\u00e7\u00e3o com a sa\u00fade e o manejo dos gatos. No entanto, lembra a presidente do grupo, a estudante do 4\u00ba ano de Medicina Veterin\u00e1ria Larissa Bini, outros temas mais abrangentes tamb\u00e9m entram em pauta, seja nos encontros regulares ou nos eventos abertos \u00e0s comunidades interna e externa da Universidade. \u201cTivemos uma palestra muito interessante com o m\u00e9dico veterin\u00e1rio formado na UEL Rafael Bernardes, cirurgi\u00e3o na universidade de Toulouse (Fran\u00e7a), sobre a atua\u00e7\u00e3o do m\u00e9dico veterin\u00e1rio no exterior. Foi importante porque a UEL possui um programa de interc\u00e2mbio\u201d, destaca. O Programa de P\u00f3s-Gradua\u00e7\u00e3o em Ci\u00eancia Animal, que possui conceito 7 pela Capes, tamb\u00e9m aprofunda os la\u00e7os dos estudantes e docentes da UEL com gateiros do mundo todo.<\/p>\n\n\n\n<p>Desde 2021, o grupo realiza o simp\u00f3sio Feliweekend, que objetiva aproximar estudantes, pesquisadores, docentes e o mercado pet. As duas primeiras edi\u00e7\u00f5es foram realizadas de forma remota em decorr\u00eancia da pandemia da Covid-19. A primeira edi\u00e7\u00e3o, presencial, ocorreu no primeiro trimestre de 2023. \u201cFoi um sucesso, tivemos participantes de Apucarana e Maring\u00e1 e foram mais de 80 inscritos. Nas edi\u00e7\u00f5es online foram, em m\u00e9dia, 260 inscritos\u201d, conta a vice-presidente do grupo, a estudante do 3\u00ba ano Maria Fernanda Frasson.<\/p>\n\n\n\n<p>A programa\u00e7\u00e3o do III Feliweekend contou com os seguintes temas: Reabilita\u00e7\u00e3o em felinos; Cardiomiopatia Hipertr\u00f3fica Felina; Manejo de Fel\u00eddeos, Gest\u00e3o em Medicina Veterin\u00e1ria e Dor&nbsp;em Felinos. Este \u00faltimo assunto foi exposto pelo Doutor em Anestesiologia pela Universidade Estadual Paulista J\u00falio de Mesquita Filho (Unesp) e docente do Departamento de Cl\u00ednicas Veterin\u00e1rias da UEL, Guilherme Schiess Cardoso, abordando o estado da arte, ou seja, o mapeamento de toda a produ\u00e7\u00e3o acad\u00eamica a respeito do tema.<\/p>\n\n\n\n<p>Ao mesmo tempo, parte dos recursos arrecadados pela organiza\u00e7\u00e3o do evento foi destinada ao projeto de reforma e melhorias do gatil do Hospital Veterin\u00e1rio (HV-UEL).<\/p>\n","protected":false},"excerpt":{"rendered":"<p>O Departamento de Cl\u00ednicas Veterin\u00e1rias (CCA) da UEL possui um grupo de estudos voltado ao aperfei\u00e7oamento dos conhecimentos sobre um animal dom\u00e9stico que tamb\u00e9m pode ser considerado um dos melhores amigos do homem: o gato. Criado em fevereiro de 2021, o Grupo de Estudos em Felinos (Gefel) conta com mais de 100 alunos cadastrados, sendo [&hellip;]<\/p>\n","protected":false},"author":6,"featured_media":101,"comment_status":"open","ping_status":"open","sticky":false,"template":"","format":"standard","meta":{"_acf_changed":false,"_themeisle_gutenberg_block_has_review":false,"footnotes":""},"categories":[1],"tags":[],"class_list":["post-98","post","type-post","status-publish","format-standard","has-post-thumbnail","hentry","category-sem-categoria"],"acf":[],"_links":{"self":[{"href":"https:\/\/departamentos.uel.br\/clinicas-veterinarias\/wp-json\/wp\/v2\/posts\/98","targetHints":{"allow":["GET"]}}],"collection":[{"href":"https:\/\/departamentos.uel.br\/clinicas-veterinarias\/wp-json\/wp\/v2\/posts"}],"about":[{"href":"https:\/\/departamentos.uel.br\/clinicas-veterinarias\/wp-json\/wp\/v2\/types\/post"}],"author":[{"embeddable":true,"href":"https:\/\/departamentos.uel.br\/clinicas-veterinarias\/wp-json\/wp\/v2\/users\/6"}],"replies":[{"embeddable":true,"href":"https:\/\/departamentos.uel.br\/clinicas-veterinarias\/wp-json\/wp\/v2\/comments?post=98"}],"version-history":[{"count":2,"href":"https:\/\/departamentos.uel.br\/clinicas-veterinarias\/wp-json\/wp\/v2\/posts\/98\/revisions"}],"predecessor-version":[{"id":100,"href":"https:\/\/departamentos.uel.br\/clinicas-veterinarias\/wp-json\/wp\/v2\/posts\/98\/revisions\/100"}],"wp:featuredmedia":[{"embeddable":true,"href":"https:\/\/departamentos.uel.br\/clinicas-veterinarias\/wp-json\/wp\/v2\/media\/101"}],"wp:attachment":[{"href":"https:\/\/departamentos.uel.br\/clinicas-veterinarias\/wp-json\/wp\/v2\/media?parent=98"}],"wp:term":[{"taxonomy":"category","embeddable":true,"href":"https:\/\/departamentos.uel.br\/clinicas-veterinarias\/wp-json\/wp\/v2\/categories?post=98"},{"taxonomy":"post_tag","embeddable":true,"href":"https:\/\/departamentos.uel.br\/clinicas-veterinarias\/wp-json\/wp\/v2\/tags?post=98"}],"curies":[{"name":"wp","href":"https:\/\/api.w.org\/{rel}","templated":true}]}}