{"id":175,"date":"2025-09-25T16:00:55","date_gmt":"2025-09-25T19:00:55","guid":{"rendered":"https:\/\/departamentos.uel.br\/clinica-medica\/?p=175"},"modified":"2025-09-25T16:00:55","modified_gmt":"2025-09-25T19:00:55","slug":"curso-de-medicina-da-uel-participa-de-teste-de-progresso-junto-das-mais-conceituadas-escolas-medicas-do-brasil","status":"publish","type":"post","link":"https:\/\/departamentos.uel.br\/clinica-medica\/sem-categoria\/2025\/09\/25\/curso-de-medicina-da-uel-participa-de-teste-de-progresso-junto-das-mais-conceituadas-escolas-medicas-do-brasil\/","title":{"rendered":"Curso de Medicina da UEL participa de Teste de Progresso junto das mais conceituadas escolas m\u00e9dicas do Brasil!"},"content":{"rendered":"\n<p>Curso de Medicina da UEL participa de Teste de Progresso junto das mais conceituadas escolas m\u00e9dicas do Brasil! \ud83d\udcdd<\/p>\n\n\n\n<p>Na \u00faltima ter\u00e7a-feira, alunos do Curso de Medicina participaram do Teste de Progresso NIEPAEM, que avalia a evolu\u00e7\u00e3o e o desempenho das melhores universidades do pa\u00eds. E tem mais: a UEL \u00e9 a \u00fanica institui\u00e7\u00e3o fora de S\u00e3o Paulo inclusa na avalia\u00e7\u00e3o, reafirmando sua dedica\u00e7\u00e3o.<\/p>\n\n\n\n<div class=\"wp-block-columns is-layout-flex wp-container-core-columns-is-layout-9d6595d7 wp-block-columns-is-layout-flex\">\n<div class=\"wp-block-column is-layout-flow wp-block-column-is-layout-flow\"><div class=\"wp-block-image\">\n<figure class=\"alignright size-large\"><img loading=\"lazy\" decoding=\"async\" width=\"819\" height=\"1024\" src=\"https:\/\/departamentos.uel.br\/clinica-medica\/wp-content\/uploads\/2025\/09\/image-7-819x1024.png\" alt=\"\" class=\"wp-image-176\" srcset=\"https:\/\/departamentos.uel.br\/clinica-medica\/wp-content\/uploads\/2025\/09\/image-7-819x1024.png 819w, https:\/\/departamentos.uel.br\/clinica-medica\/wp-content\/uploads\/2025\/09\/image-7-240x300.png 240w, https:\/\/departamentos.uel.br\/clinica-medica\/wp-content\/uploads\/2025\/09\/image-7-768x960.png 768w, https:\/\/departamentos.uel.br\/clinica-medica\/wp-content\/uploads\/2025\/09\/image-7.png 1024w\" sizes=\"auto, (max-width: 819px) 100vw, 819px\" \/><\/figure>\n<\/div><\/div>\n\n\n\n<div class=\"wp-block-column is-layout-flow wp-block-column-is-layout-flow\"><div class=\"wp-block-image\">\n<figure class=\"alignleft size-large\"><img loading=\"lazy\" decoding=\"async\" width=\"819\" height=\"1024\" src=\"https:\/\/departamentos.uel.br\/clinica-medica\/wp-content\/uploads\/2025\/09\/image-8-819x1024.png\" alt=\"\" class=\"wp-image-177\" srcset=\"https:\/\/departamentos.uel.br\/clinica-medica\/wp-content\/uploads\/2025\/09\/image-8-819x1024.png 819w, https:\/\/departamentos.uel.br\/clinica-medica\/wp-content\/uploads\/2025\/09\/image-8-240x300.png 240w, https:\/\/departamentos.uel.br\/clinica-medica\/wp-content\/uploads\/2025\/09\/image-8-768x960.png 768w, https:\/\/departamentos.uel.br\/clinica-medica\/wp-content\/uploads\/2025\/09\/image-8.png 1024w\" sizes=\"auto, (max-width: 819px) 100vw, 819px\" \/><\/figure>\n<\/div><\/div>\n<\/div>\n\n\n\n<p>Parab\u00e9ns a toda comunidade acad\u00eamica!<\/p>\n\n\n\n<h1 class=\"wp-block-heading\">CCSCELEBRA<\/h1>\n","protected":false},"excerpt":{"rendered":"<p>Curso de Medicina da UEL participa de Teste de Progresso junto das mais conceituadas escolas m\u00e9dicas do Brasil! \ud83d\udcdd Na \u00faltima ter\u00e7a-feira, alunos do Curso de Medicina participaram do Teste de Progresso NIEPAEM, que avalia a evolu\u00e7\u00e3o e o desempenho das melhores universidades do pa\u00eds. E tem mais: a UEL \u00e9 a \u00fanica institui\u00e7\u00e3o fora [&hellip;]<\/p>\n","protected":false},"author":8,"featured_media":176,"comment_status":"open","ping_status":"open","sticky":false,"template":"","format":"standard","meta":{"_acf_changed":false,"_themeisle_gutenberg_block_has_review":false,"footnotes":""},"categories":[1],"tags":[],"class_list":["post-175","post","type-post","status-publish","format-standard","has-post-thumbnail","hentry","category-sem-categoria"],"acf":[],"_links":{"self":[{"href":"https:\/\/departamentos.uel.br\/clinica-medica\/wp-json\/wp\/v2\/posts\/175","targetHints":{"allow":["GET"]}}],"collection":[{"href":"https:\/\/departamentos.uel.br\/clinica-medica\/wp-json\/wp\/v2\/posts"}],"about":[{"href":"https:\/\/departamentos.uel.br\/clinica-medica\/wp-json\/wp\/v2\/types\/post"}],"author":[{"embeddable":true,"href":"https:\/\/departamentos.uel.br\/clinica-medica\/wp-json\/wp\/v2\/users\/8"}],"replies":[{"embeddable":true,"href":"https:\/\/departamentos.uel.br\/clinica-medica\/wp-json\/wp\/v2\/comments?post=175"}],"version-history":[{"count":1,"href":"https:\/\/departamentos.uel.br\/clinica-medica\/wp-json\/wp\/v2\/posts\/175\/revisions"}],"predecessor-version":[{"id":178,"href":"https:\/\/departamentos.uel.br\/clinica-medica\/wp-json\/wp\/v2\/posts\/175\/revisions\/178"}],"wp:featuredmedia":[{"embeddable":true,"href":"https:\/\/departamentos.uel.br\/clinica-medica\/wp-json\/wp\/v2\/media\/176"}],"wp:attachment":[{"href":"https:\/\/departamentos.uel.br\/clinica-medica\/wp-json\/wp\/v2\/media?parent=175"}],"wp:term":[{"taxonomy":"category","embeddable":true,"href":"https:\/\/departamentos.uel.br\/clinica-medica\/wp-json\/wp\/v2\/categories?post=175"},{"taxonomy":"post_tag","embeddable":true,"href":"https:\/\/departamentos.uel.br\/clinica-medica\/wp-json\/wp\/v2\/tags?post=175"}],"curies":[{"name":"wp","href":"https:\/\/api.w.org\/{rel}","templated":true}]}}