{"id":171,"date":"2025-09-24T15:15:56","date_gmt":"2025-09-24T18:15:56","guid":{"rendered":"https:\/\/departamentos.uel.br\/clinica-medica\/?p=171"},"modified":"2025-09-24T15:15:56","modified_gmt":"2025-09-24T18:15:56","slug":"professores-do-ccs-participam-do-xxiv-congresso-brasileiro-de-infectologia-infecto-2025","status":"publish","type":"post","link":"https:\/\/departamentos.uel.br\/clinica-medica\/sem-categoria\/2025\/09\/24\/professores-do-ccs-participam-do-xxiv-congresso-brasileiro-de-infectologia-infecto-2025\/","title":{"rendered":"Professores do CCS participam do XXIV Congresso Brasileiro de Infectologia (INFECTO 2025)"},"content":{"rendered":"\n<p>Entre os dias 16 e 19 de setembro, alunos do 4\u00ba ano de Medicina \u2014 Ac\u00e1cio de Faria Bento, Milena Aymi Saito Shimabukuro, Ana Beatriz Pontes dos Santos, Giovanna Guerra Secorum e Rafaela dos Reis Wroblewski \u2014 participaram do XXIV Congresso Brasileiro de Infectologia (INFECTO 2025), realizado em Florian\u00f3polis (SC).<br>O grupo, sob orienta\u00e7\u00e3o dos professores Prof.\u00aa Dra. Zuleica Naomi Tano, Prof.\u00aa Dra. Susana Lilian Wiechmann e Prof. Dr. Philipe Quagliato Bellinati, apresentou o trabalho intitulado: \u201cEndocardite infecciosa: diagn\u00f3stico dif\u00edcil com alta letalidade mesmo com as ferramentas diagn\u00f3sticas e de tratamento dispon\u00edveis neste s\u00e9culo?\u201d, desenvolvido na disciplina de Trabalho de Conclus\u00e3o Obrigat\u00f3rio (TCO IV).<br>Uma experi\u00eancia enriquecedora, marcada por aprendizado, troca de conhecimentos e valoriza\u00e7\u00e3o da pesquisa cient\u00edfica na forma\u00e7\u00e3o\u00a0m\u00e9dica.<\/p>\n\n\n\n<div class=\"wp-block-columns is-layout-flex wp-container-core-columns-is-layout-9d6595d7 wp-block-columns-is-layout-flex\">\n<div class=\"wp-block-column is-layout-flow wp-block-column-is-layout-flow\">\n<figure class=\"wp-block-image size-full\"><img loading=\"lazy\" decoding=\"async\" width=\"819\" height=\"1024\" src=\"https:\/\/departamentos.uel.br\/clinica-medica\/wp-content\/uploads\/2025\/09\/image-5.png\" alt=\"\" class=\"wp-image-172\" srcset=\"https:\/\/departamentos.uel.br\/clinica-medica\/wp-content\/uploads\/2025\/09\/image-5.png 819w, https:\/\/departamentos.uel.br\/clinica-medica\/wp-content\/uploads\/2025\/09\/image-5-240x300.png 240w, https:\/\/departamentos.uel.br\/clinica-medica\/wp-content\/uploads\/2025\/09\/image-5-768x960.png 768w\" sizes=\"auto, (max-width: 819px) 100vw, 819px\" \/><\/figure>\n<\/div>\n\n\n\n<div class=\"wp-block-column is-layout-flow wp-block-column-is-layout-flow\">\n<figure class=\"wp-block-image size-full\"><img loading=\"lazy\" decoding=\"async\" width=\"819\" height=\"1024\" src=\"https:\/\/departamentos.uel.br\/clinica-medica\/wp-content\/uploads\/2025\/09\/image-6.png\" alt=\"\" class=\"wp-image-173\" srcset=\"https:\/\/departamentos.uel.br\/clinica-medica\/wp-content\/uploads\/2025\/09\/image-6.png 819w, https:\/\/departamentos.uel.br\/clinica-medica\/wp-content\/uploads\/2025\/09\/image-6-240x300.png 240w, https:\/\/departamentos.uel.br\/clinica-medica\/wp-content\/uploads\/2025\/09\/image-6-768x960.png 768w\" sizes=\"auto, (max-width: 819px) 100vw, 819px\" \/><\/figure>\n<\/div>\n<\/div>\n","protected":false},"excerpt":{"rendered":"<p>Entre os dias 16 e 19 de setembro, alunos do 4\u00ba ano de Medicina \u2014 Ac\u00e1cio de Faria Bento, Milena Aymi Saito Shimabukuro, Ana Beatriz Pontes dos Santos, Giovanna Guerra Secorum e Rafaela dos Reis Wroblewski \u2014 participaram do XXIV Congresso Brasileiro de Infectologia (INFECTO 2025), realizado em Florian\u00f3polis (SC).O grupo, sob orienta\u00e7\u00e3o dos professores [&hellip;]<\/p>\n","protected":false},"author":8,"featured_media":173,"comment_status":"open","ping_status":"open","sticky":false,"template":"","format":"standard","meta":{"_acf_changed":false,"_themeisle_gutenberg_block_has_review":false,"footnotes":""},"categories":[1],"tags":[],"class_list":["post-171","post","type-post","status-publish","format-standard","has-post-thumbnail","hentry","category-sem-categoria"],"acf":[],"_links":{"self":[{"href":"https:\/\/departamentos.uel.br\/clinica-medica\/wp-json\/wp\/v2\/posts\/171","targetHints":{"allow":["GET"]}}],"collection":[{"href":"https:\/\/departamentos.uel.br\/clinica-medica\/wp-json\/wp\/v2\/posts"}],"about":[{"href":"https:\/\/departamentos.uel.br\/clinica-medica\/wp-json\/wp\/v2\/types\/post"}],"author":[{"embeddable":true,"href":"https:\/\/departamentos.uel.br\/clinica-medica\/wp-json\/wp\/v2\/users\/8"}],"replies":[{"embeddable":true,"href":"https:\/\/departamentos.uel.br\/clinica-medica\/wp-json\/wp\/v2\/comments?post=171"}],"version-history":[{"count":1,"href":"https:\/\/departamentos.uel.br\/clinica-medica\/wp-json\/wp\/v2\/posts\/171\/revisions"}],"predecessor-version":[{"id":174,"href":"https:\/\/departamentos.uel.br\/clinica-medica\/wp-json\/wp\/v2\/posts\/171\/revisions\/174"}],"wp:featuredmedia":[{"embeddable":true,"href":"https:\/\/departamentos.uel.br\/clinica-medica\/wp-json\/wp\/v2\/media\/173"}],"wp:attachment":[{"href":"https:\/\/departamentos.uel.br\/clinica-medica\/wp-json\/wp\/v2\/media?parent=171"}],"wp:term":[{"taxonomy":"category","embeddable":true,"href":"https:\/\/departamentos.uel.br\/clinica-medica\/wp-json\/wp\/v2\/categories?post=171"},{"taxonomy":"post_tag","embeddable":true,"href":"https:\/\/departamentos.uel.br\/clinica-medica\/wp-json\/wp\/v2\/tags?post=171"}],"curies":[{"name":"wp","href":"https:\/\/api.w.org\/{rel}","templated":true}]}}