{"id":165,"date":"2025-09-19T13:51:54","date_gmt":"2025-09-19T16:51:54","guid":{"rendered":"https:\/\/departamentos.uel.br\/clinica-medica\/?p=165"},"modified":"2025-09-19T14:11:29","modified_gmt":"2025-09-19T17:11:29","slug":"uel-abre-inscricoes-para-mestrado-e-doutorado-em-todos-os-nove-centros-da-universidade","status":"publish","type":"post","link":"https:\/\/departamentos.uel.br\/clinica-medica\/sem-categoria\/2025\/09\/19\/uel-abre-inscricoes-para-mestrado-e-doutorado-em-todos-os-nove-centros-da-universidade\/","title":{"rendered":"UEL abre inscri\u00e7\u00f5es para Mestrado e Doutorado em todos os nove Centros da Universidade"},"content":{"rendered":"\n<p>Manuela Domingues*<\/p>\n\n\n\n<p>Ag\u00eancia UEL<\/p>\n\n\n\n<p>A&nbsp;<a href=\"https:\/\/operobal.uel.br\/cca\/2025\/05\/12\/uel-abre-inscricoes-para-pos-graduacao-lato-sensu-nesta-terca\/\" target=\"_blank\" rel=\"noreferrer noopener\">Pr\u00f3-Reitoria de Pesquisa e P\u00f3s-Gradua\u00e7\u00e3o (PROPPG)<\/a>&nbsp;abre as inscri\u00e7\u00f5es para sele\u00e7\u00e3o de candidatos aos cursos de Mestrado e Doutorado por meio do&nbsp;<a href=\"https:\/\/sites.uel.br\/proppg\/wp-content\/uploads\/2025\/09\/Edital-010-2025.pdf\" target=\"_blank\" rel=\"noreferrer noopener\">Edital PROPPG\/DPG\/DAM n\u00ba 010\/2025<\/a>.<\/p>\n\n\n\n<p><a href=\"https:\/\/sites.uel.br\/proppg\/inscricoes\/\" target=\"_blank\" rel=\"noreferrer noopener\">As inscri\u00e7\u00f5es<\/a>&nbsp;ter\u00e3o in\u00edcio neste dia 19 de setembro, no valor de R$162,00, e s\u00f3 ser\u00e3o realizadas&nbsp;<a href=\"https:\/\/sites.uel.br\/proppg\/inscricoes\/\" target=\"_blank\" rel=\"noreferrer noopener\">no site da PROPPG<\/a>, n\u00e3o havendo possibilidade de entrega f\u00edsica da documenta\u00e7\u00e3o.<\/p>\n\n\n\n<p><strong>Programas<\/strong><\/p>\n\n\n\n<p>Est\u00e3o abertos programas de Mestrado e Doutorado no Centro de Ci\u00eancias Agr\u00e1rias (CCA); Centro de Ci\u00eancias Biol\u00f3gicas (CCB); Centro de Ci\u00eancias da Sa\u00fade (CCS); Centro de Ci\u00eancias Exatas (CCE); Centro de Educa\u00e7\u00e3o, Comunica\u00e7\u00e3o e Artes (CECA); Centro de Educa\u00e7\u00e3o F\u00edsica e Esporte (CEFE); Centro de Estudos Sociais Aplicados (CESA); Centro de Letras e Ci\u00eancias Humanas (CLCH); Centro de Tecnologia e Urbanismo (CTU).&nbsp;<\/p>\n\n\n\n<p>Informa\u00e7\u00f5es referentes ao upload dos documentos necess\u00e1rios, n\u00famero de vagas, crit\u00e9rios de sele\u00e7\u00e3o, fim do per\u00edodo de inscri\u00e7\u00f5es e data de divulga\u00e7\u00e3o de cada um devem ser consultadas nos editais espec\u00edficos dos Programas de P\u00f3s-Gradua\u00e7\u00e3o que est\u00e3o dispon\u00edveis dentro do&nbsp;<a href=\"https:\/\/sites.uel.br\/proppg\/wp-content\/uploads\/2025\/09\/Edital-010-2025.pdf\" target=\"_blank\" rel=\"noreferrer noopener\">Edital n\u00ba 010\/2025<\/a>.&nbsp;<\/p>\n\n\n\n<div data-wp-interactive=\"core\/file\" class=\"wp-block-file\"><object data-wp-bind--hidden=\"!state.hasPdfPreview\" hidden class=\"wp-block-file__embed\" data=\"https:\/\/departamentos.uel.br\/clinica-medica\/wp-content\/uploads\/2025\/09\/Edital-010-2025.pdf\" type=\"application\/pdf\" style=\"width:100%;height:600px\" aria-label=\"Incorporado de Edital-010-2025.\"><\/object><a id=\"wp-block-file--media-4d24d66f-49c0-417f-8737-7f7b2ecd038e\" href=\"https:\/\/departamentos.uel.br\/clinica-medica\/wp-content\/uploads\/2025\/09\/Edital-010-2025.pdf\">Edital-010-2025<\/a><a href=\"https:\/\/departamentos.uel.br\/clinica-medica\/wp-content\/uploads\/2025\/09\/Edital-010-2025.pdf\" class=\"wp-block-file__button wp-element-button\" download aria-describedby=\"wp-block-file--media-4d24d66f-49c0-417f-8737-7f7b2ecd038e\">Baixar<\/a><\/div>\n\n\n\n<p><strong>Documenta\u00e7\u00e3o<\/strong><\/p>\n\n\n\n<p>Para realizar a inscri\u00e7\u00e3o \u00e9 necess\u00e1rio a C\u00e9dula de Identidade (frente e verso); Fotoc\u00f3pia do CPF; Documento Militar (M); Certid\u00e3o de Nascimento ou Casamento (frente e verso); C\u00f3pia do hist\u00f3rico escolar da Gradua\u00e7\u00e3o; Diploma de Gradua\u00e7\u00e3o (frente e verso); Documentos espec\u00edficos previstos nos editais de cada Programa.&nbsp;<\/p>\n\n\n\n<p>No caso de candidatos estrangeiros, dever\u00e1 ser apresentado Passaporte; Diploma de Gradua\u00e7\u00e3o (idioma de origem); Tradu\u00e7\u00e3o juntamente do diploma de gradua\u00e7\u00e3o; Certid\u00e3o de Nascimento ou Casamento; CPF; Visto de perman\u00eancia no pa\u00eds atualizado ou Registro Nacional Migrat\u00f3rio.&nbsp;<\/p>\n\n\n\n<p>Os documentos devem ser digitalizados e enviados no formato PDF, com tamanho m\u00e1ximo de 10 MB para o curr\u00edculo, 5 MB para o diploma e 1 MB para os demais documentos. O documento digitalizado deve conter todas as p\u00e1ginas ou a frente e o verso conforme o original, com todas as informa\u00e7\u00f5es leg\u00edveis, caso contr\u00e1rio, o candidato ser\u00e1 automaticamente exclu\u00eddo do processo seletivo.<\/p>\n\n\n\n<p><strong>Resultado Final<\/strong><\/p>\n\n\n\n<p>A rela\u00e7\u00e3o dos candidatos aprovados e classificados ser\u00e1 divulgada por meio do Edital que ser\u00e1 publicado na p\u00e1gina do Programa e no&nbsp;<a href=\"https:\/\/sites.uel.br\/proppg\/\" target=\"_blank\" rel=\"noreferrer noopener\">site da PROPPG<\/a>&nbsp;a partir das 17h do dia 5 de dezembro de 2025. O resultado n\u00e3o poder\u00e1 ser informado por telefone.<\/p>\n\n\n\n<p><em>*Estagi\u00e1ria de jornalismo na Coordenadoria de Comunica\u00e7\u00e3o Social.<\/em><\/p>\n","protected":false},"excerpt":{"rendered":"<p>Manuela Domingues* Ag\u00eancia UEL A&nbsp;Pr\u00f3-Reitoria de Pesquisa e P\u00f3s-Gradua\u00e7\u00e3o (PROPPG)&nbsp;abre as inscri\u00e7\u00f5es para sele\u00e7\u00e3o de candidatos aos cursos de Mestrado e Doutorado por meio do&nbsp;Edital PROPPG\/DPG\/DAM n\u00ba 010\/2025. As inscri\u00e7\u00f5es&nbsp;ter\u00e3o in\u00edcio neste dia 19 de setembro, no valor de R$162,00, e s\u00f3 ser\u00e3o realizadas&nbsp;no site da PROPPG, n\u00e3o havendo possibilidade de entrega f\u00edsica da documenta\u00e7\u00e3o. [&hellip;]<\/p>\n","protected":false},"author":8,"featured_media":166,"comment_status":"open","ping_status":"open","sticky":false,"template":"","format":"standard","meta":{"_acf_changed":false,"_themeisle_gutenberg_block_has_review":false,"footnotes":""},"categories":[1],"tags":[],"class_list":["post-165","post","type-post","status-publish","format-standard","has-post-thumbnail","hentry","category-sem-categoria"],"acf":[],"_links":{"self":[{"href":"https:\/\/departamentos.uel.br\/clinica-medica\/wp-json\/wp\/v2\/posts\/165","targetHints":{"allow":["GET"]}}],"collection":[{"href":"https:\/\/departamentos.uel.br\/clinica-medica\/wp-json\/wp\/v2\/posts"}],"about":[{"href":"https:\/\/departamentos.uel.br\/clinica-medica\/wp-json\/wp\/v2\/types\/post"}],"author":[{"embeddable":true,"href":"https:\/\/departamentos.uel.br\/clinica-medica\/wp-json\/wp\/v2\/users\/8"}],"replies":[{"embeddable":true,"href":"https:\/\/departamentos.uel.br\/clinica-medica\/wp-json\/wp\/v2\/comments?post=165"}],"version-history":[{"count":3,"href":"https:\/\/departamentos.uel.br\/clinica-medica\/wp-json\/wp\/v2\/posts\/165\/revisions"}],"predecessor-version":[{"id":170,"href":"https:\/\/departamentos.uel.br\/clinica-medica\/wp-json\/wp\/v2\/posts\/165\/revisions\/170"}],"wp:featuredmedia":[{"embeddable":true,"href":"https:\/\/departamentos.uel.br\/clinica-medica\/wp-json\/wp\/v2\/media\/166"}],"wp:attachment":[{"href":"https:\/\/departamentos.uel.br\/clinica-medica\/wp-json\/wp\/v2\/media?parent=165"}],"wp:term":[{"taxonomy":"category","embeddable":true,"href":"https:\/\/departamentos.uel.br\/clinica-medica\/wp-json\/wp\/v2\/categories?post=165"},{"taxonomy":"post_tag","embeddable":true,"href":"https:\/\/departamentos.uel.br\/clinica-medica\/wp-json\/wp\/v2\/tags?post=165"}],"curies":[{"name":"wp","href":"https:\/\/api.w.org\/{rel}","templated":true}]}}