{"id":157,"date":"2025-09-19T13:44:43","date_gmt":"2025-09-19T16:44:43","guid":{"rendered":"https:\/\/departamentos.uel.br\/clinica-medica\/?p=157"},"modified":"2025-09-19T13:44:43","modified_gmt":"2025-09-19T16:44:43","slug":"docente-do-ccs-ministra-palestra-no-encontro-do-neeom-da-aml","status":"publish","type":"post","link":"https:\/\/departamentos.uel.br\/clinica-medica\/sem-categoria\/2025\/09\/19\/docente-do-ccs-ministra-palestra-no-encontro-do-neeom-da-aml\/","title":{"rendered":"Docente do CCS ministra palestra no encontro do NEEOM da AML"},"content":{"rendered":"\n<p>Assessoria de Comunica\u00e7\u00e3o HU<\/p>\n\n\n\n<p>Ag\u00eancia UEL<\/p>\n\n\n\n<p>A endocrinologista Marcela Paula Ferraz, docente do&nbsp;<a href=\"https:\/\/www.uel.br\/ccs\/clinicamedica\/portal\/\" target=\"_blank\" rel=\"noreferrer noopener\">Departamento de Cl\u00ednica M\u00e9dica<\/a>&nbsp;do Centro de Ci\u00eancias da Sa\u00fade (CCS-UEL) \u00e9 uma das palestrantes do pr\u00f3ximo encontro do N\u00facleo de Estudos em Exerc\u00edcio e Osteometabolismo, da Associa\u00e7\u00e3o M\u00e9dica de Londrina (NEEOM-AML), que ser\u00e1 no dia 25 de setembro, das 19h \u00e0s 21h, na&nbsp;<a href=\"https:\/\/www.aml.com.br\/\" target=\"_blank\" rel=\"noreferrer noopener\">Associa\u00e7\u00e3o M\u00e9dica de Londrina<\/a>.<\/p>\n\n\n\n<p>Neste encontro, ser\u00e3o duas palestrantes: a endocrinologista ministra a comunica\u00e7\u00e3o \u201cManejo e Desafios no Diagn\u00f3stico e Tratamento da Osteoporose\u201d, em seguida; a nutricionista Renata Selvatici Borges aborda \u201cAlimenta\u00e7\u00e3o na Pessoa Idosa: O Papel da Nutri\u00e7\u00e3o no Envelhecimento Ativo\u201d.&nbsp;<\/p>\n\n\n\n<p>O evento faz parte do Ciclo de Palestras que busca reunir profissionais e estudantes da \u00e1rea da sa\u00fade em um espa\u00e7o de troca de conhecimento e atualiza\u00e7\u00e3o cient\u00edfica com especialistas na \u00e1rea do envelhecimento, exerc\u00edcio f\u00edsico e sa\u00fade \u00f3ssea.<\/p>\n\n\n\n<p>O encontro ser\u00e1 transmitido online e a participa\u00e7\u00e3o pode ser presencial ou remota. As inscri\u00e7\u00f5es podem se feitas no&nbsp;<a href=\"https:\/\/www.even3.com.br\/3-encontro-neeom-aml-606828\/\" target=\"_blank\" rel=\"noreferrer noopener\">LINK<\/a><\/p>\n\n\n\n<p>A participa\u00e7\u00e3o presencial \u00e9 gratuita. Para o formato online (remoto), ser\u00e1 cobrada uma taxa simb\u00f3lica para custear a transmiss\u00e3o. Profissionais pagam R$ 40,00, e estudantes pagam R$ 20,00.<\/p>\n\n\n<div class=\"wp-block-image\">\n<figure class=\"aligncenter size-full\"><img loading=\"lazy\" decoding=\"async\" width=\"576\" height=\"1024\" src=\"https:\/\/departamentos.uel.br\/clinica-medica\/wp-content\/uploads\/2025\/09\/image.png\" alt=\"\" class=\"wp-image-158\" srcset=\"https:\/\/departamentos.uel.br\/clinica-medica\/wp-content\/uploads\/2025\/09\/image.png 576w, https:\/\/departamentos.uel.br\/clinica-medica\/wp-content\/uploads\/2025\/09\/image-169x300.png 169w\" sizes=\"auto, (max-width: 576px) 100vw, 576px\" \/><\/figure>\n<\/div>","protected":false},"excerpt":{"rendered":"<p>Assessoria de Comunica\u00e7\u00e3o HU Ag\u00eancia UEL A endocrinologista Marcela Paula Ferraz, docente do&nbsp;Departamento de Cl\u00ednica M\u00e9dica&nbsp;do Centro de Ci\u00eancias da Sa\u00fade (CCS-UEL) \u00e9 uma das palestrantes do pr\u00f3ximo encontro do N\u00facleo de Estudos em Exerc\u00edcio e Osteometabolismo, da Associa\u00e7\u00e3o M\u00e9dica de Londrina (NEEOM-AML), que ser\u00e1 no dia 25 de setembro, das 19h \u00e0s 21h, na&nbsp;Associa\u00e7\u00e3o [&hellip;]<\/p>\n","protected":false},"author":8,"featured_media":159,"comment_status":"open","ping_status":"open","sticky":false,"template":"","format":"standard","meta":{"_acf_changed":false,"_themeisle_gutenberg_block_has_review":false,"footnotes":""},"categories":[1],"tags":[],"class_list":["post-157","post","type-post","status-publish","format-standard","has-post-thumbnail","hentry","category-sem-categoria"],"acf":[],"_links":{"self":[{"href":"https:\/\/departamentos.uel.br\/clinica-medica\/wp-json\/wp\/v2\/posts\/157","targetHints":{"allow":["GET"]}}],"collection":[{"href":"https:\/\/departamentos.uel.br\/clinica-medica\/wp-json\/wp\/v2\/posts"}],"about":[{"href":"https:\/\/departamentos.uel.br\/clinica-medica\/wp-json\/wp\/v2\/types\/post"}],"author":[{"embeddable":true,"href":"https:\/\/departamentos.uel.br\/clinica-medica\/wp-json\/wp\/v2\/users\/8"}],"replies":[{"embeddable":true,"href":"https:\/\/departamentos.uel.br\/clinica-medica\/wp-json\/wp\/v2\/comments?post=157"}],"version-history":[{"count":1,"href":"https:\/\/departamentos.uel.br\/clinica-medica\/wp-json\/wp\/v2\/posts\/157\/revisions"}],"predecessor-version":[{"id":160,"href":"https:\/\/departamentos.uel.br\/clinica-medica\/wp-json\/wp\/v2\/posts\/157\/revisions\/160"}],"wp:featuredmedia":[{"embeddable":true,"href":"https:\/\/departamentos.uel.br\/clinica-medica\/wp-json\/wp\/v2\/media\/159"}],"wp:attachment":[{"href":"https:\/\/departamentos.uel.br\/clinica-medica\/wp-json\/wp\/v2\/media?parent=157"}],"wp:term":[{"taxonomy":"category","embeddable":true,"href":"https:\/\/departamentos.uel.br\/clinica-medica\/wp-json\/wp\/v2\/categories?post=157"},{"taxonomy":"post_tag","embeddable":true,"href":"https:\/\/departamentos.uel.br\/clinica-medica\/wp-json\/wp\/v2\/tags?post=157"}],"curies":[{"name":"wp","href":"https:\/\/api.w.org\/{rel}","templated":true}]}}