{"id":150,"date":"2025-07-24T16:39:59","date_gmt":"2025-07-24T19:39:59","guid":{"rendered":"https:\/\/departamentos.uel.br\/clinica-medica\/?p=150"},"modified":"2025-07-24T16:40:01","modified_gmt":"2025-07-24T19:40:01","slug":"uel-divulga-oportunidades-para-residencias-do-centro-de-ciencias-da-saude","status":"publish","type":"post","link":"https:\/\/departamentos.uel.br\/clinica-medica\/sem-categoria\/2025\/07\/24\/uel-divulga-oportunidades-para-residencias-do-centro-de-ciencias-da-saude\/","title":{"rendered":"UEL divulga oportunidades para Resid\u00eancias do Centro de Ci\u00eancias da Sa\u00fade"},"content":{"rendered":"\n<p><strong><em>Manuela Domingues*<\/em><\/strong><\/p>\n\n\n\n<p><strong><em>Ag\u00eancia UEL<\/em><\/strong><\/p>\n\n\n\n<p>A Universidade Estadual de Londrina publicou na \u00faltima sexta-feira (18) novos editais para os Programas de Resid\u00eancia do Hospital Universit\u00e1rio (HU\/UEL). Com vagas para Resid\u00eancias M\u00e9dicas e demais \u00e1reas vinculadas ao Centro de Ci\u00eancias da Sa\u00fade, as oportunidades s\u00e3o para as \u00e1reas de Medicina,&nbsp; Enfermagem, Farm\u00e1cia, Fisioterapia, Odontologia e Multiprofissional em Sa\u00fade da Fam\u00edlia.&nbsp;<a href=\"https:\/\/sites.uel.br\/proppg\/residencias\/\" target=\"_blank\" rel=\"noreferrer noopener\">Os editais est\u00e3o dispon\u00edveis no site da Pr\u00f3-Reitoria de Pesquisa e P\u00f3s-Gradua\u00e7\u00e3o (PROPPG)<\/a>.<\/p>\n\n\n\n<p>O valor da inscri\u00e7\u00e3o para Resid\u00eancia M\u00e9dica \u00e9 de R$692,00, e para Resid\u00eancias da Sa\u00fade \u00e9 de R$323,00. Os pedidos de isen\u00e7\u00e3o da taxa de inscri\u00e7\u00e3o come\u00e7am no dia 1\u00ba de agosto de 2025 e v\u00e3o at\u00e9 o dia 6 de agosto. O resultado da solicita\u00e7\u00e3o ser\u00e1 divulgado no dia 11 de agosto e os pedidos de recurso ser\u00e3o exclusivamente no dia 12 de agosto.<\/p>\n\n\n\n<p><strong>Sa\u00fade e Multiprofissionais<\/strong><\/p>\n\n\n\n<p>Ao todo, ser\u00e3o ofertadas 34 vagas para Enfermeiros; 10 vagas para Farmac\u00eauticos; 16 vagas para Fisioterapeutas; 13 vagas para Odont\u00f3logos; 10 vagas para Multiprofissionais na \u00e1rea de Sa\u00fade Familiar, sendo: 1 vaga para Educa\u00e7\u00e3o F\u00edsica; 2 vagas para Enfermagem; 1 vaga para Farm\u00e1cia; 1 vaga para Fisioterapia; 1 vaga para Nutri\u00e7\u00e3o; 2 vagas para Odontologia; 1 vaga para Psicologia; 1 vaga para Servi\u00e7o Social.&nbsp;<\/p>\n\n\n\n<p><a href=\"https:\/\/sites.uel.br\/proppg\/inscricoes\/\" target=\"_blank\" rel=\"noreferrer noopener\">As inscri\u00e7\u00f5es<\/a>\u00a0dos pedidos de A\u00e7\u00f5es Afirmativas e a postagem do curr\u00edculo desse grupo ser\u00e3o do dia 16 de agosto ao dia 25 de agosto. O resultado dos pedidos ser\u00e1 divulgado no dia 11 de setembro.\u00a0<a href=\"https:\/\/sites.uel.br\/proppg\/inscricoes\/\" target=\"_blank\" rel=\"noreferrer noopener\">As inscri\u00e7\u00f5es para ampla concorr\u00eancia<\/a>\u00a0e a postagem do curr\u00edculo ser\u00e1 dos dias 16 de setembro ao dia 6 de outubro. As provas ser\u00e3o aplicadas no dia 2 de novembro. Os candidatos aprovados devem iniciar suas atividades a partir do dia 1\u00ba de mar\u00e7o de 2026.<\/p>\n\n\n\n<p><strong>Resid\u00eancia M\u00e9dica<\/strong><\/p>\n\n\n\n<p>Ser\u00e3o oferecidas 112 vagas para diversas especialidades, sendo elas: Anestesiologia, Cirurgia Geral, Cl\u00ednica M\u00e9dica, Dermatologia, Infectologia, Ginecologia e Obstetr\u00edcia, Medicina de Fam\u00edlia e Comunidade, Medicina Intensiva, Neurocirurgia, Neurologia, Oftalmologia, Ortopedia e Traumatologia, Otorrinolaringologia, Patologia, Pediatria e Psiquiatria.&nbsp;<\/p>\n\n\n\n<p><a href=\"https:\/\/sites.uel.br\/proppg\/inscricoes\/\" target=\"_blank\" rel=\"noreferrer noopener\">As inscri\u00e7\u00f5es<\/a>&nbsp;dos pedidos de A\u00e7\u00f5es Afirmativas ser\u00e3o do dia 16 de agosto ao dia 25 de agosto. O resultado dos pedidos ser\u00e1 divulgado no dia 8 de setembro.&nbsp;<a href=\"https:\/\/sites.uel.br\/proppg\/inscricoes\/\" target=\"_blank\" rel=\"noreferrer noopener\">As inscri\u00e7\u00f5es para ampla concorr\u00eancia<\/a>&nbsp;ser\u00e3o do dia 16 de setembro ao dia 06 de outubro. As provas ser\u00e3o aplicadas no dia 09 de novembro. Os candidatos aprovados devem iniciar suas atividades a partir do dia 01 de mar\u00e7o de 2026.<\/p>\n\n\n\n<p><em>*Estagi\u00e1ria de Jornalismo na Coordenadoria de Comunica\u00e7\u00e3o Social.<\/em><\/p>\n","protected":false},"excerpt":{"rendered":"<p>Manuela Domingues* Ag\u00eancia UEL A Universidade Estadual de Londrina publicou na \u00faltima sexta-feira (18) novos editais para os Programas de Resid\u00eancia do Hospital Universit\u00e1rio (HU\/UEL). Com vagas para Resid\u00eancias M\u00e9dicas e demais \u00e1reas vinculadas ao Centro de Ci\u00eancias da Sa\u00fade, as oportunidades s\u00e3o para as \u00e1reas de Medicina,&nbsp; Enfermagem, Farm\u00e1cia, Fisioterapia, Odontologia e Multiprofissional em [&hellip;]<\/p>\n","protected":false},"author":8,"featured_media":151,"comment_status":"open","ping_status":"open","sticky":false,"template":"","format":"standard","meta":{"_acf_changed":false,"_themeisle_gutenberg_block_has_review":false,"footnotes":""},"categories":[1],"tags":[],"class_list":["post-150","post","type-post","status-publish","format-standard","has-post-thumbnail","hentry","category-sem-categoria"],"acf":[],"_links":{"self":[{"href":"https:\/\/departamentos.uel.br\/clinica-medica\/wp-json\/wp\/v2\/posts\/150","targetHints":{"allow":["GET"]}}],"collection":[{"href":"https:\/\/departamentos.uel.br\/clinica-medica\/wp-json\/wp\/v2\/posts"}],"about":[{"href":"https:\/\/departamentos.uel.br\/clinica-medica\/wp-json\/wp\/v2\/types\/post"}],"author":[{"embeddable":true,"href":"https:\/\/departamentos.uel.br\/clinica-medica\/wp-json\/wp\/v2\/users\/8"}],"replies":[{"embeddable":true,"href":"https:\/\/departamentos.uel.br\/clinica-medica\/wp-json\/wp\/v2\/comments?post=150"}],"version-history":[{"count":1,"href":"https:\/\/departamentos.uel.br\/clinica-medica\/wp-json\/wp\/v2\/posts\/150\/revisions"}],"predecessor-version":[{"id":152,"href":"https:\/\/departamentos.uel.br\/clinica-medica\/wp-json\/wp\/v2\/posts\/150\/revisions\/152"}],"wp:featuredmedia":[{"embeddable":true,"href":"https:\/\/departamentos.uel.br\/clinica-medica\/wp-json\/wp\/v2\/media\/151"}],"wp:attachment":[{"href":"https:\/\/departamentos.uel.br\/clinica-medica\/wp-json\/wp\/v2\/media?parent=150"}],"wp:term":[{"taxonomy":"category","embeddable":true,"href":"https:\/\/departamentos.uel.br\/clinica-medica\/wp-json\/wp\/v2\/categories?post=150"},{"taxonomy":"post_tag","embeddable":true,"href":"https:\/\/departamentos.uel.br\/clinica-medica\/wp-json\/wp\/v2\/tags?post=150"}],"curies":[{"name":"wp","href":"https:\/\/api.w.org\/{rel}","templated":true}]}}