{"id":84,"date":"2025-02-14T17:00:19","date_gmt":"2025-02-14T20:00:19","guid":{"rendered":"https:\/\/departamentos.uel.br\/ciencia-da-informacao\/?p=84"},"modified":"2025-09-03T11:35:09","modified_gmt":"2025-09-03T14:35:09","slug":"semana-de-ciencia-da-informacao-apresenta-tccs-de-biblioteconomia-e-arquivologia","status":"publish","type":"post","link":"https:\/\/departamentos.uel.br\/ciencia-da-informacao\/eventos\/2025\/02\/14\/semana-de-ciencia-da-informacao-apresenta-tccs-de-biblioteconomia-e-arquivologia\/","title":{"rendered":"Semana de Ci\u00eancia da Informa\u00e7\u00e3o apresenta TCCs de Biblioteconomia e Arquivologia"},"content":{"rendered":"\n<p>A 24\u00ba Semana Acad\u00eamica em Ci\u00eancia da Informa\u00e7\u00e3o (SACIN), promovida pelo Departamento de Ci\u00eancia da Informa\u00e7\u00e3o (CECA) da UEL. Aberto para o p\u00fablico geral, o evento ocorre do dia 17 a 19 de fevereiro a partir das 18h15 e tem como finalidade proporcionar a apresenta\u00e7\u00e3o e defesa dos Trabalhos de Conclus\u00e3o de Curso (TCCs) dos discentes dos cursos de Biblioteconomia e Arquivologia da Universidade.<\/p>\n\n\n\n<p>Muito al\u00e9m de apenas avaliar o desempenho acad\u00eamico dos alunos, o evento<br>oferece uma oportunidade para que eles demonstrem as compet\u00eancias e aprendizados adquiridos ao longo da forma\u00e7\u00e3o acad\u00eamica. Atrav\u00e9s da participa\u00e7\u00e3o do p\u00fablico, tamb\u00e9m d\u00e1 espa\u00e7o para a discuss\u00e3o e a integra\u00e7\u00e3o entre a universidade e a comunidade, al\u00e9m de aumentar a visibilidade dos programas de Biblioteconomia e Arquivologia e destacar sua import\u00e2ncia no gerenciamento e preserva\u00e7\u00e3o do conhecimento.<\/p>\n\n\n\n<p>A 24\u00aa Semana Acad\u00eamica em Ci\u00eancia da Informa\u00e7\u00e3o ser\u00e1 realizada no Centro de Educa\u00e7\u00e3o, Comunica\u00e7\u00e3o e Artes (CECA).<\/p>\n\n\n\n<div class=\"wp-block-columns is-layout-flex wp-container-core-columns-is-layout-9d6595d7 wp-block-columns-is-layout-flex\">\n<div class=\"wp-block-column is-layout-flow wp-block-column-is-layout-flow\" style=\"flex-basis:50vw\">\n<figure class=\"wp-block-image size-large\"><img loading=\"lazy\" decoding=\"async\" width=\"1024\" height=\"576\" src=\"https:\/\/departamentos.uel.br\/ciencia-da-informacao\/wp-content\/uploads\/2024\/11\/semana-acad-2025-1024x576.jpg\" alt=\"\" class=\"wp-image-121\" srcset=\"https:\/\/departamentos.uel.br\/ciencia-da-informacao\/wp-content\/uploads\/2024\/11\/semana-acad-2025-1024x576.jpg 1024w, https:\/\/departamentos.uel.br\/ciencia-da-informacao\/wp-content\/uploads\/2024\/11\/semana-acad-2025-300x169.jpg 300w, https:\/\/departamentos.uel.br\/ciencia-da-informacao\/wp-content\/uploads\/2024\/11\/semana-acad-2025-768x432.jpg 768w, https:\/\/departamentos.uel.br\/ciencia-da-informacao\/wp-content\/uploads\/2024\/11\/semana-acad-2025-1536x864.jpg 1536w, https:\/\/departamentos.uel.br\/ciencia-da-informacao\/wp-content\/uploads\/2024\/11\/semana-acad-2025.jpg 1920w\" sizes=\"auto, (max-width: 1024px) 100vw, 1024px\" \/><\/figure>\n<\/div>\n\n\n\n<div class=\"wp-block-column is-layout-flow wp-block-column-is-layout-flow\" style=\"flex-basis:50vw\">\n<p class=\"has-cinza-escuro-color has-text-color has-link-color wp-elements-029ac2659393b8454a7ab683054803f8\"><strong>Per\u00edodo de Inscri\u00e7\u00e3o:&nbsp;<\/strong>20\/01\/2025 00:00 a 14\/02\/2025 23:59<\/p>\n\n\n\n<div class=\"wp-block-columns is-layout-flex wp-container-core-columns-is-layout-9d6595d7 wp-block-columns-is-layout-flex\">\n<div class=\"wp-block-column is-layout-flow wp-block-column-is-layout-flow\">\n<div class=\"wp-block-buttons is-content-justification-center is-layout-flex wp-container-core-buttons-is-layout-16018d1d wp-block-buttons-is-layout-flex\">\n<div class=\"wp-block-button\"><a class=\"wp-block-button__link has-cinza-claro-color has-verde-escuro-background-color has-text-color has-background has-link-color wp-element-button\" href=\"https:\/\/www.sistemasweb.uel.br\/index.php?contents=system\/insc\/index.php&amp;pagina=view\/inscricoes\/seleciona_evento.php&amp;cod_evento=10122\">Inscri\u00e7\u00f5es<\/a><\/div>\n<\/div>\n<\/div>\n<\/div>\n<\/div>\n<\/div>\n\n\n\n<p><\/p>\n","protected":false},"excerpt":{"rendered":"<p>A 24\u00ba Semana Acad\u00eamica em Ci\u00eancia da Informa\u00e7\u00e3o (SACIN), promovida pelo Departamento de Ci\u00eancia da Informa\u00e7\u00e3o (CECA) da UEL. Aberto para o p\u00fablico geral, o evento ocorre do dia 17 a 19 de fevereiro a partir das 18h15 e tem como finalidade proporcionar a apresenta\u00e7\u00e3o e defesa dos Trabalhos de Conclus\u00e3o de Curso (TCCs) dos [&hellip;]<\/p>\n","protected":false},"author":6,"featured_media":121,"comment_status":"open","ping_status":"open","sticky":false,"template":"","format":"standard","meta":{"_acf_changed":false,"_themeisle_gutenberg_block_has_review":false,"footnotes":""},"categories":[4],"tags":[],"class_list":["post-84","post","type-post","status-publish","format-standard","has-post-thumbnail","hentry","category-eventos"],"acf":[],"_links":{"self":[{"href":"https:\/\/departamentos.uel.br\/ciencia-da-informacao\/wp-json\/wp\/v2\/posts\/84","targetHints":{"allow":["GET"]}}],"collection":[{"href":"https:\/\/departamentos.uel.br\/ciencia-da-informacao\/wp-json\/wp\/v2\/posts"}],"about":[{"href":"https:\/\/departamentos.uel.br\/ciencia-da-informacao\/wp-json\/wp\/v2\/types\/post"}],"author":[{"embeddable":true,"href":"https:\/\/departamentos.uel.br\/ciencia-da-informacao\/wp-json\/wp\/v2\/users\/6"}],"replies":[{"embeddable":true,"href":"https:\/\/departamentos.uel.br\/ciencia-da-informacao\/wp-json\/wp\/v2\/comments?post=84"}],"version-history":[{"count":8,"href":"https:\/\/departamentos.uel.br\/ciencia-da-informacao\/wp-json\/wp\/v2\/posts\/84\/revisions"}],"predecessor-version":[{"id":126,"href":"https:\/\/departamentos.uel.br\/ciencia-da-informacao\/wp-json\/wp\/v2\/posts\/84\/revisions\/126"}],"wp:featuredmedia":[{"embeddable":true,"href":"https:\/\/departamentos.uel.br\/ciencia-da-informacao\/wp-json\/wp\/v2\/media\/121"}],"wp:attachment":[{"href":"https:\/\/departamentos.uel.br\/ciencia-da-informacao\/wp-json\/wp\/v2\/media?parent=84"}],"wp:term":[{"taxonomy":"category","embeddable":true,"href":"https:\/\/departamentos.uel.br\/ciencia-da-informacao\/wp-json\/wp\/v2\/categories?post=84"},{"taxonomy":"post_tag","embeddable":true,"href":"https:\/\/departamentos.uel.br\/ciencia-da-informacao\/wp-json\/wp\/v2\/tags?post=84"}],"curies":[{"name":"wp","href":"https:\/\/api.w.org\/{rel}","templated":true}]}}