{"id":81,"date":"2024-11-04T17:06:16","date_gmt":"2024-11-04T20:06:16","guid":{"rendered":"https:\/\/departamentos.uel.br\/ciencia-da-informacao\/?p=81"},"modified":"2024-11-04T17:07:15","modified_gmt":"2024-11-04T20:07:15","slug":"curso-online-aborda-organizacao-de-arquivos-historicos-e-criterios-de-pesquisa","status":"publish","type":"post","link":"https:\/\/departamentos.uel.br\/ciencia-da-informacao\/sem-categoria\/2024\/11\/04\/curso-online-aborda-organizacao-de-arquivos-historicos-e-criterios-de-pesquisa\/","title":{"rendered":"Curso online aborda organiza\u00e7\u00e3o de arquivos hist\u00f3ricos e crit\u00e9rios de pesquisa"},"content":{"rendered":"\n<p>O N\u00facleo de Documenta\u00e7\u00e3o e Pesquisa Hist\u00f3rica (NDPH) da UEL e a Rede Paranaense de Arquivos, Centros e N\u00facleos de Documenta\u00e7\u00e3o promovem, nos meses de julho e agosto, o curso online \u201cFundamentos da Organiza\u00e7\u00e3o de Arquivos Hist\u00f3ricos\u201d. As inscri\u00e7\u00f5es permanecem abertas at\u00e9 o dia 24 de julho, data do in\u00edcio das aulas, e podem ser realizadas&nbsp;<a href=\"http:\/\/www.uel.br\/eventos\/insc\/?id=8328\" target=\"_blank\" rel=\"noreferrer noopener\">neste endere\u00e7o<\/a>.<\/p>\n\n\n\n<p>Contando com cinco encontros, nos dias 24, 25 e 26 de julho, e 3 e 4 de agosto, o curso contar\u00e1 com carga hor\u00e1ria de 20 horas. As aulas ser\u00e3o transmitidas pelo&nbsp;<a href=\"https:\/\/www.youtube.com\/@ndph-uel280\/streams\" target=\"_blank\" rel=\"noreferrer noopener\">canal do YouTube<\/a>&nbsp;do NDPH, sempre das 14h \u00e0s 18h.<\/p>\n\n\n\n<p>Mais informa\u00e7\u00f5es podem ser encontradas no N\u00facleo de Documenta\u00e7\u00e3o e Pesquisa Hist\u00f3rica ou pelo telefone (43) 3371-4568.<\/p>\n\n\n\n<p><\/p>\n","protected":false},"excerpt":{"rendered":"<p>O N\u00facleo de Documenta\u00e7\u00e3o e Pesquisa Hist\u00f3rica (NDPH) da UEL e a Rede Paranaense de Arquivos, Centros e N\u00facleos de Documenta\u00e7\u00e3o promovem, nos meses de julho e agosto, o curso online \u201cFundamentos da Organiza\u00e7\u00e3o de Arquivos Hist\u00f3ricos\u201d. As inscri\u00e7\u00f5es permanecem abertas at\u00e9 o dia 24 de julho, data do in\u00edcio das aulas, e podem ser [&hellip;]<\/p>\n","protected":false},"author":6,"featured_media":83,"comment_status":"open","ping_status":"open","sticky":false,"template":"","format":"standard","meta":{"_acf_changed":false,"_themeisle_gutenberg_block_has_review":false,"footnotes":""},"categories":[1],"tags":[],"class_list":["post-81","post","type-post","status-publish","format-standard","has-post-thumbnail","hentry","category-sem-categoria"],"acf":[],"_links":{"self":[{"href":"https:\/\/departamentos.uel.br\/ciencia-da-informacao\/wp-json\/wp\/v2\/posts\/81","targetHints":{"allow":["GET"]}}],"collection":[{"href":"https:\/\/departamentos.uel.br\/ciencia-da-informacao\/wp-json\/wp\/v2\/posts"}],"about":[{"href":"https:\/\/departamentos.uel.br\/ciencia-da-informacao\/wp-json\/wp\/v2\/types\/post"}],"author":[{"embeddable":true,"href":"https:\/\/departamentos.uel.br\/ciencia-da-informacao\/wp-json\/wp\/v2\/users\/6"}],"replies":[{"embeddable":true,"href":"https:\/\/departamentos.uel.br\/ciencia-da-informacao\/wp-json\/wp\/v2\/comments?post=81"}],"version-history":[{"count":1,"href":"https:\/\/departamentos.uel.br\/ciencia-da-informacao\/wp-json\/wp\/v2\/posts\/81\/revisions"}],"predecessor-version":[{"id":82,"href":"https:\/\/departamentos.uel.br\/ciencia-da-informacao\/wp-json\/wp\/v2\/posts\/81\/revisions\/82"}],"wp:featuredmedia":[{"embeddable":true,"href":"https:\/\/departamentos.uel.br\/ciencia-da-informacao\/wp-json\/wp\/v2\/media\/83"}],"wp:attachment":[{"href":"https:\/\/departamentos.uel.br\/ciencia-da-informacao\/wp-json\/wp\/v2\/media?parent=81"}],"wp:term":[{"taxonomy":"category","embeddable":true,"href":"https:\/\/departamentos.uel.br\/ciencia-da-informacao\/wp-json\/wp\/v2\/categories?post=81"},{"taxonomy":"post_tag","embeddable":true,"href":"https:\/\/departamentos.uel.br\/ciencia-da-informacao\/wp-json\/wp\/v2\/tags?post=81"}],"curies":[{"name":"wp","href":"https:\/\/api.w.org\/{rel}","templated":true}]}}