{"id":78,"date":"2024-11-04T17:03:42","date_gmt":"2024-11-04T20:03:42","guid":{"rendered":"https:\/\/departamentos.uel.br\/ciencia-da-informacao\/?p=78"},"modified":"2024-11-04T17:04:44","modified_gmt":"2024-11-04T20:04:44","slug":"muita-informacao-por-favor","status":"publish","type":"post","link":"https:\/\/departamentos.uel.br\/ciencia-da-informacao\/sem-categoria\/2024\/11\/04\/muita-informacao-por-favor\/","title":{"rendered":"Muita informa\u00e7\u00e3o, por favor!"},"content":{"rendered":"\n<p>O projeto de extens\u00e3o \u201cOrganiza\u00e7\u00e3o e representa\u00e7\u00e3o arquiv\u00edstica dos documentos hist\u00f3ricos da cidade de Londrina\u201d, iniciado em mar\u00e7o de 2020, tem entre seus objetivos \u201cpossibilitar uma melhor vis\u00e3o sist\u00eamica sobre o fluxo da informa\u00e7\u00e3o da Prefeitura de Londrina e potencializar melhorias para o funcionamento de suas unidades\u201d.<\/p>\n\n\n\n<p>Esta vis\u00e3o sist\u00eamica tem origem no coordenador do projeto, professor Eliandro dos Santos Costa, do Departamento de Ci\u00eancia da Informa\u00e7\u00e3o (Ceca), que enxerga a informa\u00e7\u00e3o em suas m\u00faltiplas dimens\u00f5es e finalidades: hist\u00f3rica, mnem\u00f4nica, jur\u00eddica, acad\u00eamica, administrativa, como bem p\u00fablico, entre outras.<\/p>\n\n\n\n<p>Docente da UEL desde 2012, Eliandro&nbsp;j\u00e1&nbsp;desenvolveu projetos anteriores na mesma linha, e sempre com a cria\u00e7\u00e3o de v\u00ednculos entre a Universidade (institui\u00e7\u00e3o p\u00fablica) e o mercado (iniciativa privada). Ao t\u00e9rmino de cada projeto&nbsp;\u2013&nbsp;o atual deve ser finalizado em junho de 2024&nbsp;\u2013&nbsp;o professor entrega n\u00e3o&nbsp;apenas um relat\u00f3rio formal, mas tamb\u00e9m&nbsp;uma s\u00e9rie de recomenda\u00e7\u00f5es e propostas&nbsp;\u00e0&nbsp;institui\u00e7\u00e3o ou empresa com que trabalhou, referentes&nbsp;\u00e0&nbsp;guarda e disponibiliza\u00e7\u00e3o de informa\u00e7\u00f5es de seus respectivos arquivos.<\/p>\n\n\n\n<p>Presentemente, o objetivo \u00e9 contribuir para a organiza\u00e7\u00e3o, representa\u00e7\u00e3o e gest\u00e3o de documentos do Arquivo P\u00fablico de Londrina, com medidas para melhor armazenamento dos documentos de unidades administrativas e culturais e sensibilizar para a pr\u00e1tica do direito de acesso \u00e0 informa\u00e7\u00e3o p\u00fablica pelos cidad\u00e3os. Isso inclui n\u00e3o apenas um local ou um software adequado, mas ainda as condi\u00e7\u00f5es de trabalho dos funcion\u00e1rios nos arquivos.<\/p>\n\n\n\n<p>\u00c9&nbsp;evidente que os avan\u00e7os na tecnologia da informa\u00e7\u00e3o s\u00e3o&nbsp;muito&nbsp;bem vindos e aproveitados. Eliandro exemplifica com o ICA-AtoM, um software livre criado por iniciativa do Conselho Internacional de Arquivos para documentos arquiv\u00edsticos a fim de proporcionar uma ferramenta gratuita e de f\u00e1cil manejo \u00e0s entidades custodiadoras em todo o mundo, pensando na divulga\u00e7\u00e3o e disponibiliza\u00e7\u00e3o de seus acervos na internet. O Servi\u00e7o de Arquivos da UEL (Sauel), o Museu Hist\u00f3rico Padre Carlos Weiss, o N\u00facleo de Pesquisa e Documenta\u00e7\u00e3o Hist\u00f3rica (NDPH) da UEL e a Prefeitura de Londrina j\u00e1 o utilizam, segundo o professor.<\/p>\n\n\n\n<p>O Arquivo P\u00fablico de Londrina, atualmente, localiza-se num im\u00f3vel da Avenida Castelo Branco, uma das principais liga\u00e7\u00f5es do Centro com a UEL. Por\u00e9m, existem documentos guardados em muitos outros setores da Prefeitura e locais diferentes, o que configura um desafio para os arquivistas, mas igualmente um grande potencial, quando se pensa no volume de informa\u00e7\u00f5es que podem ser disponibilizadas para a sociedade. Londrina ainda n\u00e3o chegou aos 90 anos nem aos 600 mil habitantes, mas a quantidade de informa\u00e7\u00e3o \u00e9 gigantesca, e existe mais de um projeto da UEL envolvido nisso: um outro, por exemplo, ocupa-se dos arquivos s\u00f3 da Secretaria de Educa\u00e7\u00e3o.<\/p>\n\n\n\n<h2 class=\"wp-block-heading\"><strong>Ferramentas eficientes<\/strong><\/h2>\n\n\n\n<p>O professor Eliandro explica, ent\u00e3o, que a Arquivologia n\u00e3o tem receitas prontas. Contudo, possui ferramentas eficientes para oferecer solu\u00e7\u00f5es. A digitaliza\u00e7\u00e3o de documentos, por exemplo, \u00e9 uma pr\u00e1tica reconhecida para preserva\u00e7\u00e3o, organiza\u00e7\u00e3o e acesso \u00e0s informa\u00e7\u00f5es. \u00c9 que a Arquivologia vai muito al\u00e9m, diz ele. A grande quantidade de informa\u00e7\u00e3o envolve estrutura f\u00edsica, predial, softwares avan\u00e7ados, recursos humanos qualificados, e at\u00e9 o uso das informa\u00e7\u00f5es, entre outros quesitos. Tudo em observ\u00e2ncia \u00e0s normas e legisla\u00e7\u00f5es, que tratam desde o prazo de guarda at\u00e9 a utilidade dos arquivos \u2013 simples leitura, pesquisa etc..<\/p>\n\n\n\n<p>Outro aspecto importante salientado por ele \u00e9 a uni\u00e3o de esfor\u00e7os multidisciplinares em favor da preserva\u00e7\u00e3o e acesso \u00e0 informa\u00e7\u00e3o. Como exemplo, ele cita a Comiss\u00e3o Central de Avalia\u00e7\u00e3o de Documentos da UEL (CCAD), ligada e presidida pelo SAUEL e que \u00e9 constitu\u00edda por respons\u00e1veis por arquivos intermedi\u00e1rio e permanente, protocolo, e apoio tecnol\u00f3gico, mas tamb\u00e9m por docentes do Departamento de Hist\u00f3ria e do curso de Arquivologia, assim como um advogado da Procuradoria Jur\u00eddica e um profissional de O&amp;M (organiza\u00e7\u00e3o e m\u00e9todos) indicado pela Pr\u00f3-Reitoria de Planejamento (Proplan).<\/p>\n\n\n\n<p>H\u00e1 ainda outra necessidade: a de contrata\u00e7\u00e3o efetiva (concurso, na esfera p\u00fablica) de profissionais de Arquivologia para desenvolver e acompanhar estes trabalhos. Foi uma das recomenda\u00e7\u00f5es enfatizadas pelos relat\u00f3rios do projeto. Igualmente, um sistema eletr\u00f4nico de informa\u00e7\u00e3o integrado e a\u00e7\u00f5es de limpeza e preven\u00e7\u00e3o de acidentes com os arquivos ou com os funcion\u00e1rios \u2013 como o uso de equipamento de prote\u00e7\u00e3o individual.<\/p>\n\n\n\n<p>Tais recomenda\u00e7\u00f5es, naturalmente, nasceram da observa\u00e7\u00e3o das dificuldades e demandas encontradas: ambientes insalubres e periculosos, falta de EPI (Equipamentos de prote\u00e7\u00e3o Individual), guarda de documentos em locais inadequados (como escadas) e at\u00e9 o descarte irregular. O descarte \u00e9 uma a\u00e7\u00e3o necessariamente burocratizada, a fim de preservar a informa\u00e7\u00e3o, mesmo que n\u00e3o se preserve o documento original.<\/p>\n\n\n\n<h3 class=\"wp-block-heading\"><strong>Condi\u00e7\u00f5es favor\u00e1veis<\/strong><\/h3>\n\n\n\n<p>Eliandro se mostra otimista com o futuro pr\u00f3ximo, tanto que pensa em expandir o projeto, por exemplo, incluindo os arquivos da Funda\u00e7\u00e3o Cultural Art\u00edstica de Londrina (Funcart), uma ONG que gerencia uma companhia profissional de dan\u00e7a, uma escola de dan\u00e7a, uma escola de teatro, um grupo de dan\u00e7a amador e um Teatro de Lona com 200 poltronas.<\/p>\n\n\n\n<p>Isso seria poss\u00edvel, segundo ele, com a curriculariza\u00e7\u00e3o da extens\u00e3o que est\u00e1 sendo implantada na UEL, pela qual haver\u00e1 uma carga hor\u00e1ria exclusivamente para atividades extensionistas em todos os cursos de gradua\u00e7\u00e3o. Eliandro ministra disciplinas em todos os anos do curso de Arquivologia.<\/p>\n\n\n\n<p>O projeto conta com a colabora\u00e7\u00e3o de um professor do curso de Ci\u00eancia da Computa\u00e7\u00e3o e de cerca de 50 estudantes, e j\u00e1 resultou em publica\u00e7\u00f5es e orienta\u00e7\u00f5es de trabalhos de conclus\u00e3o de curso.<\/p>\n\n\n\n<p>A expectativa, de acordo com o coordenador, \u00e9 ampliar a atua\u00e7\u00e3o, quem sabe alcan\u00e7ando toda a Regi\u00e3o Metropolitana de Londrina, \u00e0 medida que mais profissionais de Arquivologia se formem pela UEL. O professor pensa na chamada \u201ctr\u00edplice h\u00e9lice\u201d, conceito que define uma a\u00e7\u00e3o conjunta entre a academia (universidades), empresariado e governo para promover inova\u00e7\u00f5es, empreendedorismo e desenvolvimento social.<\/p>\n","protected":false},"excerpt":{"rendered":"<p>O projeto de extens\u00e3o \u201cOrganiza\u00e7\u00e3o e representa\u00e7\u00e3o arquiv\u00edstica dos documentos hist\u00f3ricos da cidade de Londrina\u201d, iniciado em mar\u00e7o de 2020, tem entre seus objetivos \u201cpossibilitar uma melhor vis\u00e3o sist\u00eamica sobre o fluxo da informa\u00e7\u00e3o da Prefeitura de Londrina e potencializar melhorias para o funcionamento de suas unidades\u201d. Esta vis\u00e3o sist\u00eamica tem origem no coordenador do [&hellip;]<\/p>\n","protected":false},"author":6,"featured_media":80,"comment_status":"open","ping_status":"open","sticky":false,"template":"","format":"standard","meta":{"_acf_changed":false,"_themeisle_gutenberg_block_has_review":false,"footnotes":""},"categories":[1],"tags":[],"class_list":["post-78","post","type-post","status-publish","format-standard","has-post-thumbnail","hentry","category-sem-categoria"],"acf":[],"_links":{"self":[{"href":"https:\/\/departamentos.uel.br\/ciencia-da-informacao\/wp-json\/wp\/v2\/posts\/78","targetHints":{"allow":["GET"]}}],"collection":[{"href":"https:\/\/departamentos.uel.br\/ciencia-da-informacao\/wp-json\/wp\/v2\/posts"}],"about":[{"href":"https:\/\/departamentos.uel.br\/ciencia-da-informacao\/wp-json\/wp\/v2\/types\/post"}],"author":[{"embeddable":true,"href":"https:\/\/departamentos.uel.br\/ciencia-da-informacao\/wp-json\/wp\/v2\/users\/6"}],"replies":[{"embeddable":true,"href":"https:\/\/departamentos.uel.br\/ciencia-da-informacao\/wp-json\/wp\/v2\/comments?post=78"}],"version-history":[{"count":1,"href":"https:\/\/departamentos.uel.br\/ciencia-da-informacao\/wp-json\/wp\/v2\/posts\/78\/revisions"}],"predecessor-version":[{"id":79,"href":"https:\/\/departamentos.uel.br\/ciencia-da-informacao\/wp-json\/wp\/v2\/posts\/78\/revisions\/79"}],"wp:featuredmedia":[{"embeddable":true,"href":"https:\/\/departamentos.uel.br\/ciencia-da-informacao\/wp-json\/wp\/v2\/media\/80"}],"wp:attachment":[{"href":"https:\/\/departamentos.uel.br\/ciencia-da-informacao\/wp-json\/wp\/v2\/media?parent=78"}],"wp:term":[{"taxonomy":"category","embeddable":true,"href":"https:\/\/departamentos.uel.br\/ciencia-da-informacao\/wp-json\/wp\/v2\/categories?post=78"},{"taxonomy":"post_tag","embeddable":true,"href":"https:\/\/departamentos.uel.br\/ciencia-da-informacao\/wp-json\/wp\/v2\/tags?post=78"}],"curies":[{"name":"wp","href":"https:\/\/api.w.org\/{rel}","templated":true}]}}