{"id":109,"date":"2024-11-05T11:23:00","date_gmt":"2024-11-05T14:23:00","guid":{"rendered":"https:\/\/departamentos.uel.br\/biologia-animal-e-vegetal\/?p=109"},"modified":"2024-11-05T11:24:19","modified_gmt":"2024-11-05T14:24:19","slug":"napi-emergencia-climatica-aponta-como-as-queimadas-afetam-biodiversidade","status":"publish","type":"post","link":"https:\/\/departamentos.uel.br\/biologia-animal-e-vegetal\/sem-categoria\/2024\/11\/05\/napi-emergencia-climatica-aponta-como-as-queimadas-afetam-biodiversidade\/","title":{"rendered":"NAPI Emerg\u00eancia Clim\u00e1tica aponta como as queimadas afetam biodiversidade"},"content":{"rendered":"\n<p>Coordenados pela Funda\u00e7\u00e3o Arauc\u00e1ria (FA), institui\u00e7\u00e3o vinculada \u00e0 Secretaria de Estado da Ci\u00eancia, Tecnologia e Ensino Superior (Seti), os&nbsp;<a href=\"https:\/\/operobal.uel.br\/tag\/napi\/\" target=\"_blank\" rel=\"noreferrer noopener\">Novos Arranjos de Pesquisa e Inova\u00e7\u00e3o (Napis)<\/a>&nbsp;s\u00e3o uma iniciativa para gerar solu\u00e7\u00f5es para os desafios da atualidade. O&nbsp;<a href=\"https:\/\/operobal.uel.br\/pesquisas\/2024\/05\/10\/arranjo-de-pesquisa-coordenado-pela-uel-estuda-emergencia-climatica\/\" target=\"_blank\" rel=\"noreferrer noopener\">Napi Emerg\u00eancia Clim\u00e1tica<\/a>&nbsp;ganha ainda mais relev\u00e2ncia ao reunir pesquisadores de nove universidades, que avaliam a maneira como as mudan\u00e7as no clima alteram a frequ\u00eancia e a intensidade de queimadas no Brasil em diferentes regi\u00f5es, assim como o efeito das crises clim\u00e1ticas na biodiversidade, que afetam diretamente a qualidade do ar no Paran\u00e1. A UEL comp\u00f5e o novo arranjo de pesquisa, junto de outras universidades estaduais e da Federal do Paran\u00e1 (UFPR).<\/p>\n\n\n\n<p>O articulador do Napi Emerg\u00eancias Clim\u00e1ticas, professor Francisco de Assis Mendon\u00e7a, da UFPR, explica que, frequentemente associadas \u00e0 atividade produtiva da agricultura, as queimadas no Paran\u00e1 n\u00e3o s\u00e3o um fen\u00f4meno novo, mas a frequ\u00eancia e intensidade aumentaram consideravelmente.<\/p>\n\n\n\n<p>Geralmente, os produtores utilizam o fogo para limpar os terrenos e preparar a terra para novas culturas, uma t\u00e9cnica conhecida como queima controlada. Muitas vezes preferida pelos agricultores em raz\u00e3o do custo reduzido, essa pr\u00e1tica causa impactos ambientais, o que tem gerado um sinal de alerta entre os ambientalistas e especialistas em mudan\u00e7as clim\u00e1ticas.<\/p>\n\n\n\n<p>De acordo com ele, as queimadas no Brasil ocorrem principalmente no inverno, entre abril e outubro, com mais intensidade entre julho e setembro devido \u00e0 baixa umidade. Ele pontua que as mudan\u00e7as clim\u00e1ticas t\u00eam agravado a situa\u00e7\u00e3o, resultando em um inverno mais quente e seco.<\/p>\n\n\n\n<p>\u201cEstamos vendo um aumento das queimadas, que agora liberam grandes quantidades de gases e fuma\u00e7a, intensificando a emerg\u00eancia clim\u00e1tica\u201d, afirma o docente. \u201cAs condi\u00e7\u00f5es atuais est\u00e3o provocando s\u00e9rios danos ambientais e afetando diversas regi\u00f5es do Brasil e pa\u00edses vizinhos\u201d, destacou.<\/p>\n\n\n\n<h2 class=\"wp-block-heading\"><strong>Queimadas no Brasil e Paran\u00e1<\/strong><\/h2>\n\n\n\n<p>A equipe de pesquisadores do Napi Emerg\u00eancia Clim\u00e1tica concluiu a fase de diagn\u00f3stico dos efeitos das mudan\u00e7as clim\u00e1ticas no Paran\u00e1 e projetou cen\u00e1rios com base em diferentes n\u00edveis de emiss\u00e3o de gases de efeito estufa. Os resultados indicam que o Estado tende a enfrentar um aumento significativo nas temperaturas m\u00e1ximas, com chuvas mais intensas e secas mais severas.<\/p>\n\n\n\n<p>Segundo o professor Jos\u00e9 Marcelo Domingues Torezan, do Departamento de Biologia Animal e Vegetal (BAV\/CCB) da UEL, a intensidade do fogo influencia a velocidade da recupera\u00e7\u00e3o das \u00e1reas queimadas no Paran\u00e1 e no pa\u00eds.<\/p>\n\n\n\n<p>\u201cCondi\u00e7\u00f5es atmosf\u00e9ricas extremas, como temperaturas acima de 30 graus Celsius, umidade abaixo de 30% e ventos fortes, s\u00e3o fatores cr\u00edticos que podem provocar inc\u00eandios catastr\u00f3ficos, sendo necess\u00e1ria uma vigil\u00e2ncia intensa e a restri\u00e7\u00e3o de pr\u00e1ticas como queimadas de limpeza em per\u00edodos cr\u00edticos\u201d, explica o docente. \u201cFlorestas queimadas podem se recuperar naturalmente, desde que o inc\u00eandio seja controlado\u201d.<\/p>\n\n\n\n<p>No Paran\u00e1, \u00e1reas de vegeta\u00e7\u00e3o nativa, como a Mata Atl\u00e2ntica, s\u00e3o particularmente vulner\u00e1veis, e o fogo pode dificultar a migra\u00e7\u00e3o e a reprodu\u00e7\u00e3o de animais, aumentando o risco de extin\u00e7\u00e3o de esp\u00e9cies.<\/p>\n\n\n\n<p>Os pesquisadores paranaenses destacam que a recupera\u00e7\u00e3o de \u00e1reas queimadas no Brasil e no Paran\u00e1 dependem da intensidade do fogo e da presen\u00e7a de vegeta\u00e7\u00e3o remanescente e o processo de restaura\u00e7\u00e3o pode ser lento e exigir um monitoramento cont\u00ednuo e interven\u00e7\u00f5es, como o controle de esp\u00e9cies invasoras e plantio de mudas nativas.<\/p>\n\n\n\n<h3 class=\"wp-block-heading\"><strong>Recupera\u00e7\u00e3o<\/strong><\/h3>\n\n\n\n<p>Para a ge\u00f3grafa Leila Limberger, professora da Universidade Estadual do Oeste do Paran\u00e1 (Unioeste), a seca que afeta a regi\u00e3o Central do Brasil est\u00e1 relacionada a um aquecimento incomum da superf\u00edcie do Oceano Atl\u00e2ntico, ao Norte da linha do Equador.<\/p>\n\n\n\n<p>\u201cDesde 2020, o oceano tem registrado temperaturas acima da m\u00e9dia, acumulando um calor que afeta a atmosfera e os padr\u00f5es de circula\u00e7\u00e3o de massas de ar, o que reduz a umidade e contribui para a intensifica\u00e7\u00e3o de queimadas, que, embora naturais, s\u00e3o agravadas por a\u00e7\u00f5es humanas\u201d, explica Leila.<\/p>\n\n\n\n<p>Os especialistas recomendam pr\u00e1ticas agr\u00edcolas sustent\u00e1veis para mitigar os impactos das queimadas no Brasil, como a t\u00e9cnica do plantio direto, que preserva a estrutura do terreno sem a necessidade de preparo do solo. J\u00e1 o uso de biomassa \u00e9 uma alternativa que utiliza res\u00edduos vegetais para a compostagem em vez de o produtor recorrer ao fogo para a limpeza das \u00e1reas agr\u00edcolas. E a agricultura de precis\u00e3o otimiza os recursos com tecnologias avan\u00e7adas.<\/p>\n\n\n\n<h4 class=\"wp-block-heading\"><strong>For\u00e7a-tarefa<\/strong><\/h4>\n\n\n\n<p>O Estado passa por uma&nbsp;<a href=\"https:\/\/www.aen.pr.gov.br\/Noticia\/Estado-de-alerta-Parana-atinge-momento-mais-critico-para-casos-de-queimadas-florestais\" target=\"_blank\" rel=\"noreferrer noopener\">semana cr\u00edtica para o alto risco de inc\u00eandios ambientais<\/a>.&nbsp;De acordo com o Simepar, at\u00e9 o dia 15 de setembro, o Paran\u00e1 deve registrar baixos n\u00edveis de umidade do ar e altas temperaturas, acima da m\u00e9dia para o per\u00edodo. Com este cen\u00e1rio, o risco de queimadas aumenta consideravelmente.<\/p>\n\n\n\n<p>Por isso, no in\u00edcio do m\u00eas, foi&nbsp;<a href=\"https:\/\/www.aen.pr.gov.br\/Noticia\/Alerta-de-tempo-muito-seco-no-Parana-governador-decreta-emergencia-de-estiagem\" target=\"_blank\" rel=\"noreferrer noopener\">decretado estado de emerg\u00eancia por estiagem&nbsp;em todo o Estado<\/a>. Entre algumas medidas para enfrentar a situa\u00e7\u00e3o das queimadas no Paran\u00e1 est\u00e3o o&nbsp;aporte de R$ 24 milh\u00f5es&nbsp;para a\u00e7\u00f5es de combate a inc\u00eandios florestais no Estado. A for\u00e7a-tarefa prev\u00ea a contrata\u00e7\u00e3o de aeronaves especializadas para combate \u00e0s chamas, forma\u00e7\u00e3o de brigadistas, compra de equipamentos (abafadores, mochilas costal e sopradores, por exemplo) e contrata\u00e7\u00e3o de caminh\u00f5es-pipa para auxiliar no combate a inc\u00eandios.<\/p>\n\n\n\n<p>Al\u00e9m disso, o Instituto \u00c1gua e Terra (IAT)&nbsp;<a href=\"https:\/\/www.aen.pr.gov.br\/Noticia\/Para-prevenir-incendios-Parana-suspende-por-90-dias-queima-controlada-no-campo\" target=\"_blank\" rel=\"noreferrer noopener\">suspendeu, pelo per\u00edodo de 90 dias<\/a>, qualquer queima controlada&nbsp;para atividades agrossilvopastoris no Paran\u00e1, incluindo o m\u00e9todo usado para a despalha de cana-de-a\u00e7\u00facar.<\/p>\n\n\n\n<p>O Governo tamb\u00e9m liberou um&nbsp;<a href=\"https:\/\/www.aen.pr.gov.br\/Noticia\/Governo-do-Parana-libera-fundo-de-R-5-milhoes-para-municipios-em-situacao-de-emergencia\" target=\"_blank\" rel=\"noreferrer noopener\">fundo de R$ 5 milh\u00f5es<\/a>&nbsp;para atender munic\u00edpios em situa\u00e7\u00e3o de emerg\u00eancia por causa da estiagem derivada das queimadas no Paran\u00e1.<\/p>\n\n\n\n<p>Com informa\u00e7\u00f5es da Seti.<\/p>\n\n\n\n<p><\/p>\n","protected":false},"excerpt":{"rendered":"<p>Coordenados pela Funda\u00e7\u00e3o Arauc\u00e1ria (FA), institui\u00e7\u00e3o vinculada \u00e0 Secretaria de Estado da Ci\u00eancia, Tecnologia e Ensino Superior (Seti), os&nbsp;Novos Arranjos de Pesquisa e Inova\u00e7\u00e3o (Napis)&nbsp;s\u00e3o uma iniciativa para gerar solu\u00e7\u00f5es para os desafios da atualidade. O&nbsp;Napi Emerg\u00eancia Clim\u00e1tica&nbsp;ganha ainda mais relev\u00e2ncia ao reunir pesquisadores de nove universidades, que avaliam a maneira como as mudan\u00e7as no [&hellip;]<\/p>\n","protected":false},"author":6,"featured_media":111,"comment_status":"open","ping_status":"open","sticky":false,"template":"","format":"standard","meta":{"_acf_changed":false,"_themeisle_gutenberg_block_has_review":false,"footnotes":""},"categories":[1],"tags":[],"class_list":["post-109","post","type-post","status-publish","format-standard","has-post-thumbnail","hentry","category-sem-categoria"],"acf":[],"_links":{"self":[{"href":"https:\/\/departamentos.uel.br\/biologia-animal-e-vegetal\/wp-json\/wp\/v2\/posts\/109","targetHints":{"allow":["GET"]}}],"collection":[{"href":"https:\/\/departamentos.uel.br\/biologia-animal-e-vegetal\/wp-json\/wp\/v2\/posts"}],"about":[{"href":"https:\/\/departamentos.uel.br\/biologia-animal-e-vegetal\/wp-json\/wp\/v2\/types\/post"}],"author":[{"embeddable":true,"href":"https:\/\/departamentos.uel.br\/biologia-animal-e-vegetal\/wp-json\/wp\/v2\/users\/6"}],"replies":[{"embeddable":true,"href":"https:\/\/departamentos.uel.br\/biologia-animal-e-vegetal\/wp-json\/wp\/v2\/comments?post=109"}],"version-history":[{"count":1,"href":"https:\/\/departamentos.uel.br\/biologia-animal-e-vegetal\/wp-json\/wp\/v2\/posts\/109\/revisions"}],"predecessor-version":[{"id":110,"href":"https:\/\/departamentos.uel.br\/biologia-animal-e-vegetal\/wp-json\/wp\/v2\/posts\/109\/revisions\/110"}],"wp:featuredmedia":[{"embeddable":true,"href":"https:\/\/departamentos.uel.br\/biologia-animal-e-vegetal\/wp-json\/wp\/v2\/media\/111"}],"wp:attachment":[{"href":"https:\/\/departamentos.uel.br\/biologia-animal-e-vegetal\/wp-json\/wp\/v2\/media?parent=109"}],"wp:term":[{"taxonomy":"category","embeddable":true,"href":"https:\/\/departamentos.uel.br\/biologia-animal-e-vegetal\/wp-json\/wp\/v2\/categories?post=109"},{"taxonomy":"post_tag","embeddable":true,"href":"https:\/\/departamentos.uel.br\/biologia-animal-e-vegetal\/wp-json\/wp\/v2\/tags?post=109"}],"curies":[{"name":"wp","href":"https:\/\/api.w.org\/{rel}","templated":true}]}}