{"id":93,"date":"2024-11-01T14:37:55","date_gmt":"2024-11-01T17:37:55","guid":{"rendered":"https:\/\/departamentos.uel.br\/arte-visual\/?p=93"},"modified":"2024-11-01T14:38:15","modified_gmt":"2024-11-01T17:38:15","slug":"exposicao-no-ceca-divulga-obras-de-alunos-do-colegio-estadual-roseli-piotto","status":"publish","type":"post","link":"https:\/\/departamentos.uel.br\/arte-visual\/sem-categoria\/2024\/11\/01\/exposicao-no-ceca-divulga-obras-de-alunos-do-colegio-estadual-roseli-piotto\/","title":{"rendered":"Exposi\u00e7\u00e3o no Ceca divulga obras de alunos do Col\u00e9gio Estadual Roseli Piotto\u00a0"},"content":{"rendered":"\n<p>O&nbsp;<a href=\"https:\/\/www.instagram.com\/artes.visuais.uel\/\" target=\"_blank\" rel=\"noreferrer noopener\">Departamento de Artes Visuais (Ceca)<\/a>&nbsp;recebe, a partir desta quarta-feira (10), a exposi\u00e7\u00e3o de arte \u201cVer, rever &amp; transcrever\u201d, reunindo trabalhos de estudantes do Col\u00e9gio Estadual Professora Roseli Piotto Roehrig, localizado na Zona Norte de Londrina. A abertura ser\u00e1 \u00e0s 19h30, no Espa\u00e7o Arte, na galeria do Departamento de Artes Visuais, no Ceca.<\/p>\n\n\n\n<p>Parte do projeto integrado \u201cCartografando os entrelugares da arte, da pesquisa e do ensino\u201d, a exposi\u00e7\u00e3o re\u00fane desenhos, gravuras, cartografias, fotografias, composi\u00e7\u00f5es tipogr\u00e1ficas e monotipias, que s\u00e3o fruto de um ano de trabalho envolvendo a pesquisa, produ\u00e7\u00e3o, trocas e aprendizados. Este trabalho foi contemplado no Programa Universidade Sem Fronteiras (USF), do Governo do Paran\u00e1, o que permitiu ampliar a participa\u00e7\u00e3o de graduandos do curso de Artes Visuais da UEL junto aos estudantes e professores&nbsp;do Ensino Fundamental II e do Ensino M\u00e9dio.&nbsp;<\/p>\n\n\n\n<p>De acordo com o docente da UEL Edson Luiz da Silva Vieira, coordenador da exposi\u00e7\u00e3o,&nbsp;os trabalhos foram produzidos entre&nbsp;2023 e 2024 a partir de a\u00e7\u00f5es que promoveram reflex\u00f5es sobre identidade, espa\u00e7o e acesso \u00e0 cultura e \u00e0 educa\u00e7\u00e3o. Este trabalho foi desenvolvido em parceria com a&nbsp;<a href=\"https:\/\/www.instagram.com\/grafatorio\/\" target=\"_blank\" rel=\"noreferrer noopener\">associa\u00e7\u00e3o cultural Grafat\u00f3rio<\/a>, que se consolidou como um importante selo editorial no Norte do Paran\u00e1.&nbsp;<\/p>\n\n\n\n<p>\u201cOs estudantes foram instigados a pensar e produzir em variadas linguagens como cartografia, desenho, fotografia e artes gr\u00e1ficas e puderam expressar seus olhares e desejos singulares sobre os espa\u00e7os nos quais estudam e habitam. As produ\u00e7\u00f5es evidenciam camadas de sentido que materializam os modestos desejos que esses adolescentes t\u00eam para uma vida confort\u00e1vel e plena. S\u00e3o produ\u00e7\u00f5es que desvelam constru\u00e7\u00f5es de lugares ut\u00f3picos, espelhos de cada subjetividade ali presente. Espa\u00e7os dotados de sentido\u201d, explica o professor do Departamento de Artes Visuais.&nbsp;&nbsp;<\/p>\n\n\n\n<p>Para os bolsistas, professores envolvidos e professores em forma\u00e7\u00e3o, o projeto&nbsp;proporcionou uma viv\u00eancia pr\u00e1tica dos conhecimentos acad\u00eamicos, fortalecendo a forma\u00e7\u00e3o docente e gerando contribui\u00e7\u00f5es significativas para o ensino da arte, acrescenta a coordenadora do projeto integrado, Carla Galv\u00e3o. \u201cOs nossos projetos s\u00e3o na \u00e1rea de forma\u00e7\u00e3o de professores, ent\u00e3o sempre envolvem os professores al\u00e9m dos alunos. No caso s\u00e3o os professores Andr\u00e9 Camargo Lopes e Madu, l\u00e1 do&nbsp;Col\u00e9gio Estadual Professora Roseli Piotto Roehrig\u201d, destaca.&nbsp;<\/p>\n\n\n\n<p>Tamb\u00e9m s\u00e3o colaboradores os docentes da UEL&nbsp;Vanessa Tavares da Silva,&nbsp;Danillo Gimenes Villa e&nbsp;Ronaldo Alexandre de Oliveira, e o t\u00e9cnico&nbsp;Silvio Rog\u00e9rio Valduga. Foram bolsistas na iniciativa os alunos de Artes Visuais&nbsp;Vinicius D\u2019amico de Alc\u00e2ntara,&nbsp;Ana Julia De Azevedo Constantino,&nbsp;Gabrielle Maria Santos M\u00e1zaro,&nbsp;Palla Dionysio e&nbsp;Paula Lussari Guasti, e de Design Gr\u00e1fico,&nbsp;Maria Spadini Siqueira.&nbsp;<\/p>\n\n\n\n<p>As obras s\u00e3o assinadas pelos seguintes alunos do Col\u00e9gio Estadual:&nbsp;Brayan Willian Nunes de Lima;&nbsp;Guilherme Rodrigues;&nbsp;Heitor Camargo Dias Lopes;&nbsp;Kaua Ven\u00e2cio Arantes;&nbsp;Maria Isabela Jorge Ferreira;&nbsp;Mateus Henrique Gatto;&nbsp;Micaeli de Jesus;&nbsp;Midi\u00e3 Vitoria de Mato Arantu;&nbsp;Milena Vitoria Lopes Martins; Nicolas Henrique de Oliveira Barda\u00e7on;&nbsp;Paula Siqueira Noronha e&nbsp;Pedro Leonidas Neris Marcelino.&nbsp;<\/p>\n\n\n\n<p><\/p>\n","protected":false},"excerpt":{"rendered":"<p>O&nbsp;Departamento de Artes Visuais (Ceca)&nbsp;recebe, a partir desta quarta-feira (10), a exposi\u00e7\u00e3o de arte \u201cVer, rever &amp; transcrever\u201d, reunindo trabalhos de estudantes do Col\u00e9gio Estadual Professora Roseli Piotto Roehrig, localizado na Zona Norte de Londrina. A abertura ser\u00e1 \u00e0s 19h30, no Espa\u00e7o Arte, na galeria do Departamento de Artes Visuais, no Ceca. Parte do projeto [&hellip;]<\/p>\n","protected":false},"author":6,"featured_media":92,"comment_status":"open","ping_status":"open","sticky":false,"template":"","format":"standard","meta":{"_acf_changed":false,"_themeisle_gutenberg_block_has_review":false,"footnotes":""},"categories":[1],"tags":[],"class_list":["post-93","post","type-post","status-publish","format-standard","has-post-thumbnail","hentry","category-sem-categoria"],"acf":[],"_links":{"self":[{"href":"https:\/\/departamentos.uel.br\/arte-visual\/wp-json\/wp\/v2\/posts\/93","targetHints":{"allow":["GET"]}}],"collection":[{"href":"https:\/\/departamentos.uel.br\/arte-visual\/wp-json\/wp\/v2\/posts"}],"about":[{"href":"https:\/\/departamentos.uel.br\/arte-visual\/wp-json\/wp\/v2\/types\/post"}],"author":[{"embeddable":true,"href":"https:\/\/departamentos.uel.br\/arte-visual\/wp-json\/wp\/v2\/users\/6"}],"replies":[{"embeddable":true,"href":"https:\/\/departamentos.uel.br\/arte-visual\/wp-json\/wp\/v2\/comments?post=93"}],"version-history":[{"count":1,"href":"https:\/\/departamentos.uel.br\/arte-visual\/wp-json\/wp\/v2\/posts\/93\/revisions"}],"predecessor-version":[{"id":94,"href":"https:\/\/departamentos.uel.br\/arte-visual\/wp-json\/wp\/v2\/posts\/93\/revisions\/94"}],"wp:featuredmedia":[{"embeddable":true,"href":"https:\/\/departamentos.uel.br\/arte-visual\/wp-json\/wp\/v2\/media\/92"}],"wp:attachment":[{"href":"https:\/\/departamentos.uel.br\/arte-visual\/wp-json\/wp\/v2\/media?parent=93"}],"wp:term":[{"taxonomy":"category","embeddable":true,"href":"https:\/\/departamentos.uel.br\/arte-visual\/wp-json\/wp\/v2\/categories?post=93"},{"taxonomy":"post_tag","embeddable":true,"href":"https:\/\/departamentos.uel.br\/arte-visual\/wp-json\/wp\/v2\/tags?post=93"}],"curies":[{"name":"wp","href":"https:\/\/api.w.org\/{rel}","templated":true}]}}