{"id":245,"date":"2024-02-21T11:01:04","date_gmt":"2024-02-21T14:01:04","guid":{"rendered":"https:\/\/departamentos.uel.br\/anatomia\/?p=245"},"modified":"2024-02-21T11:22:50","modified_gmt":"2024-02-21T14:22:50","slug":"exposicao-de-startups-debate-futuro-sustentavel-no-parana-faz-ciencia","status":"publish","type":"post","link":"https:\/\/departamentos.uel.br\/anatomia\/sem-categoria\/2024\/02\/21\/exposicao-de-startups-debate-futuro-sustentavel-no-parana-faz-ciencia\/","title":{"rendered":"Exposi\u00e7\u00e3o de Startups debate futuro sustent\u00e1vel no &#8220;Paran\u00e1 faz Ci\u00eancia&#8221;"},"content":{"rendered":"\n<p>Sustentabilidade \u00e9 a palavra-chave da exposi\u00e7\u00e3o de\u00a0<em>startups<\/em>\u00a0que ocorre at\u00e9 esta quinta-feira (9), no\u00a0<a href=\"https:\/\/paranafazciencia.uel.br\/\" target=\"_blank\" rel=\"noreferrer noopener\">Paran\u00e1 Faz Ci\u00eancia 2023<\/a>. Em tendas espa\u00e7osas no estacionamento do Centro de Ci\u00eancias Biol\u00f3gicas (CCB) da Universidade Estadual de Londrina (UEL), os s\u00f3cios e parceiros das empresas apresentam seus principais produtos com entusiasmo.<\/p>\n\n\n\n<p>No estande ao lado, Marcelly Chue e Audrey Lonni, pesquisadoras da&nbsp;<em>startup<\/em>&nbsp;nascida na UEL GRAL Bioativos, esperam atentas \u00e0 oportunidade de demonstrar a efic\u00e1cia de seus produtos antimicrobianos. Desde 2018, Lonni, Gerson Nakazato, Renata Kobayashi e Luciano Panagio incentivam alunos ao estudo de projetos sustent\u00e1veis voltados \u00e0 \u00e1rea da biotecnologia. Detentores da patente sob a NanoVerde Ag, uma nanopart\u00edcula de prata capaz de combater v\u00edrus, fungos e bact\u00e9rias, a equipe da GRAL oferece solu\u00e7\u00f5es de baixa toxicidade para seus clientes, atrav\u00e9s an\u00e1lises especializadas. A GRAL foi a \u00fanica startup da UEL selecionada para o evento.<\/p>\n\n\n\n<p>Em parceria com a Plazadente, eles exibem na feira uma caixa esterilizadora promissora, a qual garante rapidez e qualidade na limpeza dos instrumentos cir\u00fargicos. Utilizada nas demandas odontol\u00f3gica e hospitalar, a tecnologia, que foi aprovada pela Ag\u00eancia Nacional de Vigil\u00e2ncia Sanit\u00e1ria (Anvisa), preocupa-se com a destina\u00e7\u00e3o adequada dos produtos, priorizando a preserva\u00e7\u00e3o ambiental.<\/p>\n","protected":false},"excerpt":{"rendered":"<p>Sustentabilidade \u00e9 a palavra-chave da exposi\u00e7\u00e3o de\u00a0startups\u00a0que ocorre at\u00e9 esta quinta-feira (9), no\u00a0Paran\u00e1 Faz Ci\u00eancia 2023. Em tendas espa\u00e7osas no estacionamento do Centro de Ci\u00eancias Biol\u00f3gicas (CCB) da Universidade Estadual de Londrina (UEL), os s\u00f3cios e parceiros das empresas apresentam seus principais produtos com entusiasmo. No estande ao lado, Marcelly Chue e Audrey Lonni, pesquisadoras [&hellip;]<\/p>\n","protected":false},"author":6,"featured_media":247,"comment_status":"open","ping_status":"open","sticky":false,"template":"","format":"standard","meta":{"_acf_changed":false,"_themeisle_gutenberg_block_has_review":false,"footnotes":""},"categories":[1],"tags":[],"class_list":["post-245","post","type-post","status-publish","format-standard","has-post-thumbnail","hentry","category-sem-categoria"],"acf":[],"_links":{"self":[{"href":"https:\/\/departamentos.uel.br\/anatomia\/wp-json\/wp\/v2\/posts\/245","targetHints":{"allow":["GET"]}}],"collection":[{"href":"https:\/\/departamentos.uel.br\/anatomia\/wp-json\/wp\/v2\/posts"}],"about":[{"href":"https:\/\/departamentos.uel.br\/anatomia\/wp-json\/wp\/v2\/types\/post"}],"author":[{"embeddable":true,"href":"https:\/\/departamentos.uel.br\/anatomia\/wp-json\/wp\/v2\/users\/6"}],"replies":[{"embeddable":true,"href":"https:\/\/departamentos.uel.br\/anatomia\/wp-json\/wp\/v2\/comments?post=245"}],"version-history":[{"count":2,"href":"https:\/\/departamentos.uel.br\/anatomia\/wp-json\/wp\/v2\/posts\/245\/revisions"}],"predecessor-version":[{"id":249,"href":"https:\/\/departamentos.uel.br\/anatomia\/wp-json\/wp\/v2\/posts\/245\/revisions\/249"}],"wp:featuredmedia":[{"embeddable":true,"href":"https:\/\/departamentos.uel.br\/anatomia\/wp-json\/wp\/v2\/media\/247"}],"wp:attachment":[{"href":"https:\/\/departamentos.uel.br\/anatomia\/wp-json\/wp\/v2\/media?parent=245"}],"wp:term":[{"taxonomy":"category","embeddable":true,"href":"https:\/\/departamentos.uel.br\/anatomia\/wp-json\/wp\/v2\/categories?post=245"},{"taxonomy":"post_tag","embeddable":true,"href":"https:\/\/departamentos.uel.br\/anatomia\/wp-json\/wp\/v2\/tags?post=245"}],"curies":[{"name":"wp","href":"https:\/\/api.w.org\/{rel}","templated":true}]}}