{"id":200,"date":"2024-02-20T14:37:19","date_gmt":"2024-02-20T17:37:19","guid":{"rendered":"https:\/\/departamentos.uel.br\/anatomia\/?p=200"},"modified":"2024-02-20T14:37:19","modified_gmt":"2024-02-20T17:37:19","slug":"graduacao-e-o-museu","status":"publish","type":"post","link":"https:\/\/departamentos.uel.br\/anatomia\/sem-categoria\/2024\/02\/20\/graduacao-e-o-museu\/","title":{"rendered":"Gradua\u00e7\u00e3o e o Museu"},"content":{"rendered":"\n<p>Al\u00e9m de representar um importante gatilho para o despertar da curiosidade nos visitantes, o Museu de Anatomia \u00e9 um laborat\u00f3rio\u00a0para cerca de 25 estudantes de gradua\u00e7\u00e3o da UEL que v\u00eam atuando na manuten\u00e7\u00e3o e na cria\u00e7\u00e3o de pe\u00e7as anat\u00f4micas. Atualmente, explica o coordenador, o Museu possui bolsistas de Inclus\u00e3o Social e Inicia\u00e7\u00e3o Cient\u00edfica (IC) e prev\u00ea ampliar a equipe com novos graduandos inseridos em projetos de extens\u00e3o.<\/p>\n\n\n\n<p>Alguns destes estudantes, revela a T\u00e9cnica em Laborat\u00f3rio de Anatomia, Camila Porto, costumam retornar ao Museu para renovarem as mem\u00f3rias afetivas da \u00e9poca da gradua\u00e7\u00e3o. Ela mesma \u00e9 um desses exemplos de alunos que desenvolveram um v\u00ednculo afetivo com o espa\u00e7o, zelando por cada detalhe e atuando no desenvolvimento de novas atividades. \u201cHoje, poder ajudar os alunos, instruir na montagem de pe\u00e7as, \u00e9 uma experi\u00eancia muito legal. Porque, al\u00e9m deles aplicarem tudo o que o Leandro ensina na sala, ainda conseguimos ensinar que aqui \u00e9 patrim\u00f4nio deles. Muita gente volta aqui depois de 20 anos com os filhos para mostrar o Museu\u201d, alegra-se a servidora, egressa do curso de Educa\u00e7\u00e3o F\u00edsica da UEL.\u00a0<\/p>\n","protected":false},"excerpt":{"rendered":"<p>Al\u00e9m de representar um importante gatilho para o despertar da curiosidade nos visitantes, o Museu de Anatomia \u00e9 um laborat\u00f3rio\u00a0para cerca de 25 estudantes de gradua\u00e7\u00e3o da UEL que v\u00eam atuando na manuten\u00e7\u00e3o e na cria\u00e7\u00e3o de pe\u00e7as anat\u00f4micas. Atualmente, explica o coordenador, o Museu possui bolsistas de Inclus\u00e3o Social e Inicia\u00e7\u00e3o Cient\u00edfica (IC) e [&hellip;]<\/p>\n","protected":false},"author":6,"featured_media":199,"comment_status":"open","ping_status":"open","sticky":false,"template":"","format":"standard","meta":{"_acf_changed":false,"_themeisle_gutenberg_block_has_review":false,"footnotes":""},"categories":[1],"tags":[],"class_list":["post-200","post","type-post","status-publish","format-standard","has-post-thumbnail","hentry","category-sem-categoria"],"acf":[],"_links":{"self":[{"href":"https:\/\/departamentos.uel.br\/anatomia\/wp-json\/wp\/v2\/posts\/200","targetHints":{"allow":["GET"]}}],"collection":[{"href":"https:\/\/departamentos.uel.br\/anatomia\/wp-json\/wp\/v2\/posts"}],"about":[{"href":"https:\/\/departamentos.uel.br\/anatomia\/wp-json\/wp\/v2\/types\/post"}],"author":[{"embeddable":true,"href":"https:\/\/departamentos.uel.br\/anatomia\/wp-json\/wp\/v2\/users\/6"}],"replies":[{"embeddable":true,"href":"https:\/\/departamentos.uel.br\/anatomia\/wp-json\/wp\/v2\/comments?post=200"}],"version-history":[{"count":2,"href":"https:\/\/departamentos.uel.br\/anatomia\/wp-json\/wp\/v2\/posts\/200\/revisions"}],"predecessor-version":[{"id":202,"href":"https:\/\/departamentos.uel.br\/anatomia\/wp-json\/wp\/v2\/posts\/200\/revisions\/202"}],"wp:featuredmedia":[{"embeddable":true,"href":"https:\/\/departamentos.uel.br\/anatomia\/wp-json\/wp\/v2\/media\/199"}],"wp:attachment":[{"href":"https:\/\/departamentos.uel.br\/anatomia\/wp-json\/wp\/v2\/media?parent=200"}],"wp:term":[{"taxonomy":"category","embeddable":true,"href":"https:\/\/departamentos.uel.br\/anatomia\/wp-json\/wp\/v2\/categories?post=200"},{"taxonomy":"post_tag","embeddable":true,"href":"https:\/\/departamentos.uel.br\/anatomia\/wp-json\/wp\/v2\/tags?post=200"}],"curies":[{"name":"wp","href":"https:\/\/api.w.org\/{rel}","templated":true}]}}