{"id":194,"date":"2024-02-20T14:22:10","date_gmt":"2024-02-20T17:22:10","guid":{"rendered":"https:\/\/departamentos.uel.br\/anatomia\/?p=194"},"modified":"2024-02-20T14:22:10","modified_gmt":"2024-02-20T17:22:10","slug":"museu-de-anatomia-reabre-para-visitantes","status":"publish","type":"post","link":"https:\/\/departamentos.uel.br\/anatomia\/sem-categoria\/2024\/02\/20\/museu-de-anatomia-reabre-para-visitantes\/","title":{"rendered":"Museu de Anatomia reabre para visitantes"},"content":{"rendered":"\n<p>Um dos locais mais visitados da Universidade Estadual de Londrina, o&nbsp;<a href=\"https:\/\/www.instagram.com\/museudeanatomiauel\/\" target=\"_blank\" rel=\"noreferrer noopener\">Museu Did\u00e1tico Professor Carlos da Costa Branco, o Museu de Anatomia<\/a>&nbsp;do CCB (Centro de Ci\u00eancias Biol\u00f3gicas),&nbsp;recebeu uma s\u00e9rie de melhorias e j\u00e1 est\u00e1 pronto para retomar a agenda de visitas com grupos de at\u00e9 50 pessoas. As visitas s\u00e3o guiadas&nbsp;por monitores e devem ser&nbsp;<a href=\"https:\/\/opctec.net.br\/museu-anatomia-uel\/agenda\/inscricoes\/index.php?content=view\/inscricao\/inscricao_01.php\" target=\"_blank\" rel=\"noreferrer noopener\">agendadas exclusivamente pelo portal<\/a>, havendo a cobran\u00e7a de uma pequena taxa de manuten\u00e7\u00e3o.&nbsp;H\u00e1 vagas para&nbsp;<a href=\"https:\/\/docs.google.com\/forms\/d\/e\/1FAIpQLScEC151chryjIyogH-OQy_3vLb-gkZzfbmNiOOKRjoB0h8Y6w\/viewform\" target=\"_blank\" rel=\"noreferrer noopener\">novos monitores<\/a>.<\/p>\n\n\n\n<p>As novidades vieram de investimentos de R$ 40 mil e buscam enfatizar o papel do Museu como agente educativo ao atender \u00e0s demandas das escolas das redes municipal, estadual e particular de ensino&nbsp;das regi\u00f5es&nbsp;Norte e Nordeste do Paran\u00e1, assim como do Sul de S\u00e3o Paulo. As melhorias envolvem uma nova pintura, a reorganiza\u00e7\u00e3o&nbsp;dos acessos e da sinaliza\u00e7\u00e3o e adequa\u00e7\u00f5es&nbsp;no piso.&nbsp;A partir deste trabalho, o Museu ainda ganhou nova ilumina\u00e7\u00e3o com l\u00e2mpadas de led, melhorando a visualiza\u00e7\u00e3o das cerca de 700 pe\u00e7as.<\/p>\n","protected":false},"excerpt":{"rendered":"<p>Um dos locais mais visitados da Universidade Estadual de Londrina, o&nbsp;Museu Did\u00e1tico Professor Carlos da Costa Branco, o Museu de Anatomia&nbsp;do CCB (Centro de Ci\u00eancias Biol\u00f3gicas),&nbsp;recebeu uma s\u00e9rie de melhorias e j\u00e1 est\u00e1 pronto para retomar a agenda de visitas com grupos de at\u00e9 50 pessoas. As visitas s\u00e3o guiadas&nbsp;por monitores e devem ser&nbsp;agendadas exclusivamente [&hellip;]<\/p>\n","protected":false},"author":6,"featured_media":174,"comment_status":"open","ping_status":"open","sticky":false,"template":"","format":"standard","meta":{"_acf_changed":false,"_themeisle_gutenberg_block_has_review":false,"footnotes":""},"categories":[1],"tags":[],"class_list":["post-194","post","type-post","status-publish","format-standard","has-post-thumbnail","hentry","category-sem-categoria"],"acf":[],"_links":{"self":[{"href":"https:\/\/departamentos.uel.br\/anatomia\/wp-json\/wp\/v2\/posts\/194","targetHints":{"allow":["GET"]}}],"collection":[{"href":"https:\/\/departamentos.uel.br\/anatomia\/wp-json\/wp\/v2\/posts"}],"about":[{"href":"https:\/\/departamentos.uel.br\/anatomia\/wp-json\/wp\/v2\/types\/post"}],"author":[{"embeddable":true,"href":"https:\/\/departamentos.uel.br\/anatomia\/wp-json\/wp\/v2\/users\/6"}],"replies":[{"embeddable":true,"href":"https:\/\/departamentos.uel.br\/anatomia\/wp-json\/wp\/v2\/comments?post=194"}],"version-history":[{"count":2,"href":"https:\/\/departamentos.uel.br\/anatomia\/wp-json\/wp\/v2\/posts\/194\/revisions"}],"predecessor-version":[{"id":196,"href":"https:\/\/departamentos.uel.br\/anatomia\/wp-json\/wp\/v2\/posts\/194\/revisions\/196"}],"wp:featuredmedia":[{"embeddable":true,"href":"https:\/\/departamentos.uel.br\/anatomia\/wp-json\/wp\/v2\/media\/174"}],"wp:attachment":[{"href":"https:\/\/departamentos.uel.br\/anatomia\/wp-json\/wp\/v2\/media?parent=194"}],"wp:term":[{"taxonomy":"category","embeddable":true,"href":"https:\/\/departamentos.uel.br\/anatomia\/wp-json\/wp\/v2\/categories?post=194"},{"taxonomy":"post_tag","embeddable":true,"href":"https:\/\/departamentos.uel.br\/anatomia\/wp-json\/wp\/v2\/tags?post=194"}],"curies":[{"name":"wp","href":"https:\/\/api.w.org\/{rel}","templated":true}]}}